{"id":149141,"date":"2024-08-12T05:31:00","date_gmt":"2024-08-12T08:31:00","guid":{"rendered":"http:\/\/argentinamunicipal.com.ar\/argentina\/?p=149141"},"modified":"2024-08-08T19:33:30","modified_gmt":"2024-08-08T22:33:30","slug":"el-suoem-cordoba-presento-una-accion-judicial-contra-el-impuesto-a-las-ganancias","status":"publish","type":"post","link":"http:\/\/argentinamunicipal.com.ar\/argentina\/el-suoem-cordoba-presento-una-accion-judicial-contra-el-impuesto-a-las-ganancias\/","title":{"rendered":"El Suoem C\u00f3rdoba present\u00f3 una acci\u00f3n judicial contra el Impuesto a las Ganancias"},"content":{"rendered":"<p>Fue ante la Justicia Federal y junto a la Federaci\u00f3n que agrupa a los municipales de la provincia (Fesimupc), el Suoem San Francisco y el Suoem R\u00edo Cuarto. Se trata de una acci\u00f3n declarativa de inconstitucionalidad contra la ley que reinstaura el tributo.<\/p>\n<p>Este mi\u00e9rcoles, el Sindicato Uni\u00f3n Obreros y Empleados Municipales de C\u00f3rdoba (Suoem), junto a la Federaci\u00f3n que agrupa a los municipales de la provincia (Fesimupc), el Suoem San Francisco y el Suoem R\u00edo Cuarto, present\u00f3 ante la Justicia Federal una acci\u00f3n declarativa de inconstitucionalidad contra la ley que reinstaura el Impuesto a las Ganancias.<\/p>\n<p>El Suoem sostuvo que \u00abla normativa impacta negativamente, tanto a empleados activos como jubilados\u00bb. Adem\u00e1s, el sindicato indic\u00f3 que se solicit\u00f3 \u00abuna medida cautelar para que el Estado nacional y la AFIP se abstengan de efectuar descuentos en concepto de este impuesto\u00bb.<\/p>\n<p>F\u00e9lix L\u00f3pez Amaya\u00a0es el abogado patrocinador y se\u00f1al\u00f3 sobre el paso dado por el gremio de C\u00f3rdoba y otros que nuclean a municipales en la provincia, que\u00a0\u00abno se ha respetado el tr\u00e1mite parlamentario\u00bb, indicando que la normativa carece de la aprobaci\u00f3n necesaria del Senado, \u00ablo cual viola el principio de legalidad\u00bb.<\/p>\n<p>\u00abEsta situaci\u00f3n no solo afecta los salarios de las y los trabajadores, sino que tambi\u00e9n representa un grave retroceso en t\u00e9rminos democr\u00e1ticos\u00bb, puntualiz\u00f3 el letrado.<\/p>\n<p><strong>Posici\u00f3n de los municipales de la provincia<\/strong><br \/>\n\u00abConsideramos inaceptable que, en un contexto de deterioro del salario real, se impongan m\u00e1s cargas impositivas que afectan el bolsillo de las y los trabajadores\u00bb.<\/p>\n<p>\u00abRecibimos con preocupaci\u00f3n pero con mucha indignaci\u00f3n la reinstauraci\u00f3n de este impuesto. Estamos convencidos de que el salario no es ganancia y vamos a reaccionar en consecuencia\u00bb, sostuvo Rub\u00e9n Daniel, secretario General el Suoem C\u00f3rdoba.<\/p>\n<p>En tanto, Jorgelina Fern\u00e1ndez, secretaria general del Suoem R\u00edo Cuarto, dijo: \u00abEsto tiene que ver con una violencia y el ejercicio del poder contra la clase trabajadora\u00bb.<\/p>\n<p>\u00abEstamos unidos en esta lucha, que no solo busca proteger los ingresos de los trabajadores activos, sino tambi\u00e9n los derechos de los jubilados, quienes se ven igualmente afectados por estas pol\u00edticas\u00bb, asever\u00f3 V\u00edctor Lescano, secretario general del Suoem San Francisco.<\/p>\n<h6>Fuente: la Nueva Ma\u00f1ana<\/h6>\n","protected":false},"excerpt":{"rendered":"<p>Fue ante la Justicia Federal y junto a la Federaci\u00f3n que agrupa a los municipales de la provincia (Fesimupc), el Suoem San Francisco y el Suoem R\u00edo Cuarto. Se trata de una acci\u00f3n declarativa de inconstitucionalidad contra la ley que reinstaura el tributo.<\/p>\n","protected":false},"author":2,"featured_media":149142,"comment_status":"closed","ping_status":"closed","sticky":false,"template":"","format":"standard","meta":{"footnotes":""},"categories":[7],"tags":[3],"class_list":["post-149141","post","type-post","status-publish","format-standard","has-post-thumbnail","hentry","category-informe-sindical","tag-cordoba"],"_links":{"self":[{"href":"http:\/\/argentinamunicipal.com.ar\/argentina\/wp-json\/wp\/v2\/posts\/149141","targetHints":{"allow":["GET"]}}],"collection":[{"href":"http:\/\/argentinamunicipal.com.ar\/argentina\/wp-json\/wp\/v2\/posts"}],"about":[{"href":"http:\/\/argentinamunicipal.com.ar\/argentina\/wp-json\/wp\/v2\/types\/post"}],"author":[{"embeddable":true,"href":"http:\/\/argentinamunicipal.com.ar\/argentina\/wp-json\/wp\/v2\/users\/2"}],"replies":[{"embeddable":true,"href":"http:\/\/argentinamunicipal.com.ar\/argentina\/wp-json\/wp\/v2\/comments?post=149141"}],"version-history":[{"count":0,"href":"http:\/\/argentinamunicipal.com.ar\/argentina\/wp-json\/wp\/v2\/posts\/149141\/revisions"}],"wp:featuredmedia":[{"embeddable":true,"href":"http:\/\/argentinamunicipal.com.ar\/argentina\/wp-json\/wp\/v2\/media\/149142"}],"wp:attachment":[{"href":"http:\/\/argentinamunicipal.com.ar\/argentina\/wp-json\/wp\/v2\/media?parent=149141"}],"wp:term":[{"taxonomy":"category","embeddable":true,"href":"http:\/\/argentinamunicipal.com.ar\/argentina\/wp-json\/wp\/v2\/categories?post=149141"},{"taxonomy":"post_tag","embeddable":true,"href":"http:\/\/argentinamunicipal.com.ar\/argentina\/wp-json\/wp\/v2\/tags?post=149141"}],"curies":[{"name":"wp","href":"https:\/\/api.w.org\/{rel}","templated":true}]}}