{"id":149155,"date":"2024-08-14T05:05:18","date_gmt":"2024-08-14T08:05:18","guid":{"rendered":"http:\/\/argentinamunicipal.com.ar\/argentina\/?p=149155"},"modified":"2024-08-12T06:07:06","modified_gmt":"2024-08-12T09:07:06","slug":"el-futuro-de-america-latina-2","status":"publish","type":"post","link":"http:\/\/argentinamunicipal.com.ar\/argentina\/el-futuro-de-america-latina-2\/","title":{"rendered":"El futuro de Am\u00e9rica Latina"},"content":{"rendered":"<p>Nunca Am\u00e9rica Latina hab\u00eda experimentado un per\u00edodo de tanta incertidumbre sobre su futuro. Durante las \u00faltimas cuatro d\u00e9cadas, el continente ha rotado a trav\u00e9s de per\u00edodos en diferentes direcciones.<\/p>\n<p>El primer per\u00edodo tuvo lugar en la \u00faltima d\u00e9cada del siglo pasado, como una d\u00e9cada radicalmente neoliberal. El auge del modelo liberal fue precedido por la declaraci\u00f3n de que el Estado hab\u00eda dejado de ser una soluci\u00f3n para convertirse en un problema.<\/p>\n<p>Lleg\u00f3 al continente a trav\u00e9s de los Chicago Boys hasta el Chile de Pinochet y se extendi\u00f3 por gran parte del continente a lo largo de la d\u00e9cada. Impuls\u00f3 el Estado m\u00ednimo, la prioridad del ajuste fiscal y las pol\u00edticas privatizadoras.<\/p>\n<p>La d\u00e9cada siguiente fue de reacci\u00f3n a este fen\u00f3meno, con la extensi\u00f3n de gobiernos antineoliberales a pr\u00e1cticamente todo el continente, caracterizada por la implementaci\u00f3n de pol\u00edticas sociales, el fortalecimiento del Estado y los procesos de integraci\u00f3n regional.<\/p>\n<p>Am\u00e9rica Latina se ha convertido en la \u00fanica regi\u00f3n del mundo con procesos de resistencia al neoliberalismo. Los principales pa\u00edses del continente \u2013entre ellos Brasil, Argentina, M\u00e9xico\u2013 lideraron este proceso y la integraci\u00f3n regional.<\/p>\n<p>A partir de la segunda d\u00e9cada del siglo XXI, el continente comenz\u00f3 a experimentar oscilaciones entre gobiernos neoliberales y antineoliberales, incluidos los de Brasil, Bolivia, Ecuador, Uruguay y Argentina.<\/p>\n<p>Entre agitaciones, el continente llega a su tercera d\u00e9cada del siglo con s\u00f3lo dos pa\u00edses \u2013los m\u00e1s importantes\u2013 con gobiernos antineoliberales: Brasil y M\u00e9xico.<\/p>\n<p>\u00bfQu\u00e9 razones explican estos vaivenes en tantos pa\u00edses latinoamericanos, para poder predecir alternativas futuras para el continente?<\/p>\n<p>Las fluctuaciones se deben a los factores que generan y mantienen a los gobiernos antineoliberales. El antineoliberalismo de los gobiernos latinoamericanos se caracteriza por medidas antineoliberales. La prioridad de las pol\u00edticas sociales sobre el ajuste fiscal. La prioridad de las pol\u00edticas de integraci\u00f3n regional frente a las de subordinaci\u00f3n a la hegemon\u00eda<\/p>\n<p>Sin embargo, la cuesti\u00f3n de fondo no ha cambiado: la hegemon\u00eda econ\u00f3mica del capital especulativo, basada en la explotaci\u00f3n de altas tasas de inter\u00e9s. Las econom\u00edas del continente se transformaron, haciendo del capital especulativo el eje de las estructuras econ\u00f3micas.<\/p>\n<p>El neoliberalismo sobrevive de esta manera. No se retoma el modelo desarrollista, anterior al neoliberalismo, que regresa cada cierto tiempo.<\/p>\n<p>S\u00f3lo la ruptura de este lugar del capital especulativo y las alt\u00edsimas tasas de inter\u00e9s que lo alimentan nos permitir\u00e1n pasar del antineoliberalismo al posneoliberalismo. Para ello, es necesario formular qu\u00e9 modelo sucede al neoliberalismo, desde una perspectiva hist\u00f3rica.<\/p>\n<p>Ser\u00eda necesario volver a la din\u00e1mica del proceso de ascumulaci\u00f3n de capital en Am\u00e9rica Latina, a su crisis que llev\u00f3 a la hegemon\u00eda del modelo neoliberal y a su crisis, momento que vive actualmente el continente.<\/p>\n<p>Por\u00a0Emir Sader<\/p>\n<h6>Fuente: P\u00e1gina 12<\/h6>\n","protected":false},"excerpt":{"rendered":"<p>Nunca Am\u00e9rica Latina hab\u00eda experimentado un per\u00edodo de tanta incertidumbre sobre su futuro. Durante las \u00faltimas cuatro d\u00e9cadas, el continente ha rotado a trav\u00e9s de per\u00edodos en diferentes direcciones.<\/p>\n","protected":false},"author":2,"featured_media":149156,"comment_status":"closed","ping_status":"closed","sticky":false,"template":"","format":"standard","meta":{"footnotes":""},"categories":[6],"tags":[57],"class_list":["post-149155","post","type-post","status-publish","format-standard","has-post-thumbnail","hentry","category-opiniones","tag-el-mundo"],"_links":{"self":[{"href":"http:\/\/argentinamunicipal.com.ar\/argentina\/wp-json\/wp\/v2\/posts\/149155","targetHints":{"allow":["GET"]}}],"collection":[{"href":"http:\/\/argentinamunicipal.com.ar\/argentina\/wp-json\/wp\/v2\/posts"}],"about":[{"href":"http:\/\/argentinamunicipal.com.ar\/argentina\/wp-json\/wp\/v2\/types\/post"}],"author":[{"embeddable":true,"href":"http:\/\/argentinamunicipal.com.ar\/argentina\/wp-json\/wp\/v2\/users\/2"}],"replies":[{"embeddable":true,"href":"http:\/\/argentinamunicipal.com.ar\/argentina\/wp-json\/wp\/v2\/comments?post=149155"}],"version-history":[{"count":0,"href":"http:\/\/argentinamunicipal.com.ar\/argentina\/wp-json\/wp\/v2\/posts\/149155\/revisions"}],"wp:featuredmedia":[{"embeddable":true,"href":"http:\/\/argentinamunicipal.com.ar\/argentina\/wp-json\/wp\/v2\/media\/149156"}],"wp:attachment":[{"href":"http:\/\/argentinamunicipal.com.ar\/argentina\/wp-json\/wp\/v2\/media?parent=149155"}],"wp:term":[{"taxonomy":"category","embeddable":true,"href":"http:\/\/argentinamunicipal.com.ar\/argentina\/wp-json\/wp\/v2\/categories?post=149155"},{"taxonomy":"post_tag","embeddable":true,"href":"http:\/\/argentinamunicipal.com.ar\/argentina\/wp-json\/wp\/v2\/tags?post=149155"}],"curies":[{"name":"wp","href":"https:\/\/api.w.org\/{rel}","templated":true}]}}