{"id":149161,"date":"2024-08-12T06:17:36","date_gmt":"2024-08-12T09:17:36","guid":{"rendered":"http:\/\/argentinamunicipal.com.ar\/argentina\/?p=149161"},"modified":"2024-08-12T06:22:55","modified_gmt":"2024-08-12T09:22:55","slug":"santa-fe-el-sitram-afirma-nos-oponemos-al-convenio-colectivo-del-seom","status":"publish","type":"post","link":"http:\/\/argentinamunicipal.com.ar\/argentina\/santa-fe-el-sitram-afirma-nos-oponemos-al-convenio-colectivo-del-seom\/","title":{"rendered":"Rafaela: El SITRAM afirma: \u201cnos oponemos al convenio colectivo del SEOM\u201d"},"content":{"rendered":"<p>\u201cAntes de que sea demasiado tarde\u201d, afirma el otro sindicato, que s\u00ed se encuentra nucleado con la FESTRAM.<\/p>\n<p>El Sindicato de Trabajadores Municipales (SITRAM), adherido a FESTRAM, emiti\u00f3 un comunicado en donde sentencia que se oponen al convenio colectivo que propone su gremio opositor, el Sindicato de Empleados y Obreros Municipales (SEOM) y aclara: \u201cantes de que sea tarde\u201d.<\/p>\n<p>A continuaci\u00f3n, damos a conocer el texto que lleva la firma de Diego Ibarra, su secretario general:<\/p>\n<p>Desde hace varios meses hemos venido advirtiendo sobre una serie hechos de car\u00e1cter sindical, jur\u00eddicos y pol\u00edticos que comenzaron a producirse a partir de nuestra aparici\u00f3n en la vida municipal de Rafaela y en las comunas del Departamento Castellanos, luego de que el SEOM se desafiliara de FESTRAM.<\/p>\n<p>Empezaron all\u00ed una serie de acciones persecutorias contra integrantes de nuestra organizaci\u00f3n sindical, llegando hasta pedir al municipio, sanciones a compa\u00f1eros que participaron de una medida dispuesta por la Federaci\u00f3n y a la cual el sindicato encabezado por Dar\u00edo Cocco decidi\u00f3 no sumarse.<\/p>\n<p>Elegimos la v\u00eda administrativa y jur\u00eddica para ir planteando nuestros derechos y requerimientos; inclusive los dirigentes de FESTRAM fueron recibidos por el Concejo Municipal de Rafaela donde no s\u00f3lo explicaron punto por punto distintas cuestiones sindicales y legales, sino que advirtieron que desde el Ejecutivo local se estaban adoptando medidas incorrectas, que inclusive iban contra la jurisprudencia en otros lugares de la Provincia.<\/p>\n<p>Veamos algunas cuestiones que se fueron sucediendo, que ratifican nuestra aseveraci\u00f3n y que dan la pauta concreta de lo que expres\u00e1ramos oportunamente:<\/p>\n<p>1-En el Acta Paritaria Municipal del Mes de Mayo de 2024, dice textualmente: \u201cla Comisi\u00f3n Paritaria Municipal (Ley 9286\/Ley 9996) ratifica que el denominado Aporte Solidario es de (propiedad\/pertenencia, titularidad) exclusiva de la FESTRAM, tal como se resuelve en el tercer p\u00e1rrafo del Acta Paritaria de fecha 4 de Noviembre de 2008. La retenci\u00f3n y forma de pago del Aporte Solidario a la entidad de \u201csegundo grado\u201d qued\u00f3 establecido en el punto 4 del acta del 1 de Marzo de 2011.\u201d La claridad de este texto nos exime de mayores comentarios, sobre lo peticionado por el SEOM.<\/p>\n<p>2- La Justicia Laboral de la ciudad de Santa Fe le orden\u00f3 al Municipio de Santa Fe, hoy encabezado por el Dr. Poletti, que haga efectivo el otorgamiento del C\u00f3digo de Descuento de cuota Sindical de los trabajadores afiliados a UTRAM.<\/p>\n<p>3- El Juzgado Laboral Sexta Nominaci\u00f3n de la ciudad de Rosario Declar\u00f3 que la FEDERACI\u00d3N DE SINDICATOS DE TRABAJADORES MUNICIPALES DE LA PROVINCIA DE SANTA FE (FESTRAM) es la leg\u00edtima acreedora de los aportes solidarios y orden\u00f3 que el Municipio de Rosario contin\u00fae liquidando a favor de FESTRAM los importes que por tal concepto correspondan.<\/p>\n<p>Entendemos entonces que el Departamento Ejecutivo Municipal de Rafaela, debe adoptar las medidas conducentes e ir regularizando diferentes temas que hemos, oportunamente, planteado: reconocimiento de nuestro sindicato, c\u00f3digo de descuento, licencias gremiales, mejoras en distintas dependencias, entre otros.<\/p>\n<p>Es en este marco y con los antecedentes de referencia aqu\u00ed mencionados, que el SEOM Rafaela pretende efectivizar un Convenio Colectivo de Trabajo con el municipio local. Los sectores populares y los trabajadores sufrimos un contexto pol\u00edtico y econ\u00f3mico de perdida de derechos. La reforma de leyes laborales nacionales, y la reforma previsional promovida en el orden provincial toman al trabajador como un problema. Es casi seguro que esta visi\u00f3n va a intentar ser replicada en el sector municipal.<\/p>\n<p>Por lo tanto, creemos que esta iniciativa -que intenta preservar posicionamientos personales- no representa ning\u00fan avance, va en contra de la legislaci\u00f3n en la materia y generar\u00e1 a las autoridades municipales y comunales una innumerable cantidad de conflictos, pues es necesario recordar que una ordenanza no est\u00e1 por encima de la ley provincial.<\/p>\n<p>Compa\u00f1eros y compa\u00f1eras, no se dejen enga\u00f1ar una vez m\u00e1s. La historia nos demuestra que las conquistas laborales nunca fueron un regalo, significaron hasta vidas de compa\u00f1erxs. Es este el momento de oponerse a la aplicaci\u00f3n de un convenio colectivo, ma\u00f1ana ser\u00e1 tarde.<\/p>\n<h6>Fuente: viapais.com.ar<\/h6>\n","protected":false},"excerpt":{"rendered":"<p>El Sindicato de Trabajadores Municipales (SITRAM), adherido a FESTRAM, emiti\u00f3 un comunicado en donde sentencia que se oponen al convenio colectivo que propone su gremio opositor, el Sindicato de Empleados y Obreros Municipales (SEOM)<\/p>\n","protected":false},"author":2,"featured_media":149162,"comment_status":"closed","ping_status":"closed","sticky":false,"template":"","format":"standard","meta":{"footnotes":""},"categories":[7],"tags":[10],"class_list":["post-149161","post","type-post","status-publish","format-standard","has-post-thumbnail","hentry","category-informe-sindical","tag-santa-fe"],"_links":{"self":[{"href":"http:\/\/argentinamunicipal.com.ar\/argentina\/wp-json\/wp\/v2\/posts\/149161","targetHints":{"allow":["GET"]}}],"collection":[{"href":"http:\/\/argentinamunicipal.com.ar\/argentina\/wp-json\/wp\/v2\/posts"}],"about":[{"href":"http:\/\/argentinamunicipal.com.ar\/argentina\/wp-json\/wp\/v2\/types\/post"}],"author":[{"embeddable":true,"href":"http:\/\/argentinamunicipal.com.ar\/argentina\/wp-json\/wp\/v2\/users\/2"}],"replies":[{"embeddable":true,"href":"http:\/\/argentinamunicipal.com.ar\/argentina\/wp-json\/wp\/v2\/comments?post=149161"}],"version-history":[{"count":0,"href":"http:\/\/argentinamunicipal.com.ar\/argentina\/wp-json\/wp\/v2\/posts\/149161\/revisions"}],"wp:featuredmedia":[{"embeddable":true,"href":"http:\/\/argentinamunicipal.com.ar\/argentina\/wp-json\/wp\/v2\/media\/149162"}],"wp:attachment":[{"href":"http:\/\/argentinamunicipal.com.ar\/argentina\/wp-json\/wp\/v2\/media?parent=149161"}],"wp:term":[{"taxonomy":"category","embeddable":true,"href":"http:\/\/argentinamunicipal.com.ar\/argentina\/wp-json\/wp\/v2\/categories?post=149161"},{"taxonomy":"post_tag","embeddable":true,"href":"http:\/\/argentinamunicipal.com.ar\/argentina\/wp-json\/wp\/v2\/tags?post=149161"}],"curies":[{"name":"wp","href":"https:\/\/api.w.org\/{rel}","templated":true}]}}