{"id":149181,"date":"2024-08-13T05:17:26","date_gmt":"2024-08-13T08:17:26","guid":{"rendered":"http:\/\/argentinamunicipal.com.ar\/argentina\/?p=149181"},"modified":"2024-08-12T18:20:15","modified_gmt":"2024-08-12T21:20:15","slug":"suoem-san-francisco-lidera-accion-judicial-contra-el-impuesto-a-las-ganancias","status":"publish","type":"post","link":"http:\/\/argentinamunicipal.com.ar\/argentina\/suoem-san-francisco-lidera-accion-judicial-contra-el-impuesto-a-las-ganancias\/","title":{"rendered":"SUOEM San Francisco lidera acci\u00f3n judicial contra el Impuesto a las Ganancias"},"content":{"rendered":"<p>Esta iniciativa es el primer recurso de este tipo planteado en la Justicia de C\u00f3rdoba.<\/p>\n<p>El\u00a0Sindicato \u00danico de Obreros y Empleados Municipales\u00a0(SUOEM)\u00a0San Francisco,\u00a0a trav\u00e9s de la\u00a0Federaci\u00f3n de Sindicatos Municipales de la Provincia\u00a0(FESIMUPC) y conjuntamente otros gremios municipales, present\u00f3 ante la Justicia Federal una acci\u00f3n declarativa de inconstitucionalidad contra la ley que reinstaura el Impuesto a las Ganancias.<\/p>\n<p>Adem\u00e1s, han solicitado una medida cautelar para suspender su implementaci\u00f3n.\u00a0La presentaci\u00f3n judicial, patrocinada por el abogado\u00a0F\u00e9lix L\u00f3pez Amaya, cuestiona la legitimidad del proceso legislativo que aprob\u00f3 la ley.<\/p>\n<p>\u201cNo se ha respetado el tr\u00e1mite parlamentario,\u201d\u00a0subray\u00f3 L\u00f3pez Amaya, argumentando que\u00a0\u201cla normativa carece de la aprobaci\u00f3n necesaria del Senado, lo cual viola el principio de legalidad.\u00a0Esta situaci\u00f3n no solo afecta los salarios de las y los trabajadores, sino que tambi\u00e9n representa un grave retroceso en t\u00e9rminos democr\u00e1ticos\u201d.<\/p>\n<p>El\u00a0SUOEM San Francisco,\u00a0bajo la direcci\u00f3n de su Secretario General,\u00a0V\u00edctor Lescano,\u00a0fue enf\u00e1tico en destacar el impacto negativo de la normativa.<\/p>\n<p>Ahora, el m\u00ednimo no imponible de Ganancias es de $1.800.000 brutos para los solteros y a $2.200.000 para los casados con hijos. Esta medida perjudica a las escalas de empleados municipales.<\/p>\n<p>\u201cLa normativa impacta negativamente tanto a empleados activos como jubilados\u2026Hemos solicitado una medida cautelar para que el Estado Nacional y la AFIP se abstengan de efectuar descuentos en concepto de este impuesto.\u201d<\/p>\n<p>Lescano tambi\u00e9n resalt\u00f3 la unidad del gremio en esta lucha: \u201cLo hemos hecho a trav\u00e9s de la Federaci\u00f3n para que involucre a todos los trabajadores municipales de la provincia.\u00a0Estamos unidos en esta lucha, que no solo busca proteger los ingresos de los trabajadores activos, sino tambi\u00e9n los derechos de los jubilados,\u00a0quienes se ven igualmente afectados por estas pol\u00edticas.\u201d<\/p>\n<p>Por su parte,\u00a0Rub\u00e9n Daniele,\u00a0Secretario General del SUOEM,\u00a0expres\u00f3 la indignaci\u00f3n del gremio ante la reinstauraci\u00f3n del impuesto: \u201cRecibimos con preocupaci\u00f3n, pero con mucha indignaci\u00f3n la reinstauraci\u00f3n de este impuesto. Estamos convencidos de que\u00a0el salario no es ganancia y vamos a reaccionar en consecuencia.\u201d<\/p>\n<p>Jorgelina Fern\u00e1ndez,\u00a0Secretaria General del\u00a0SUOEM R\u00edo Cuarto, destac\u00f3 que esta medida no es solo una cuesti\u00f3n impositiva, sino que se enmarca en un modelo econ\u00f3mico que \u201cataca sistem\u00e1ticamente a la clase trabajadora\u201d. Fern\u00e1ndez\u00a0calific\u00f3 la situaci\u00f3n como una forma de violencia y ejercicio del poder contra los trabajadores.<\/p>\n<p>El\u00a0nuevo m\u00ednimo no imponible\u00a0del Impuesto a las Ganancias\u00a0se ha establecido en\u00a0$1.800.000\u00a0brutos para los\u00a0solteros\u00a0y en\u00a0$2.200.000\u00a0para los\u00a0casados con hijos, lo que gener\u00f3 gran preocupaci\u00f3n en los gremios, que consideran que la medida incrementa las cargas impositivas en un contexto de deterioro del salario real.<\/p>\n<h6>Fuente: radioestacion.com.ar<\/h6>\n","protected":false},"excerpt":{"rendered":"<p>Esta iniciativa es el primer recurso de este tipo planteado en la Justicia de C\u00f3rdoba.<\/p>\n","protected":false},"author":2,"featured_media":149182,"comment_status":"closed","ping_status":"closed","sticky":false,"template":"","format":"standard","meta":{"footnotes":""},"categories":[7],"tags":[3],"class_list":["post-149181","post","type-post","status-publish","format-standard","has-post-thumbnail","hentry","category-informe-sindical","tag-cordoba"],"_links":{"self":[{"href":"http:\/\/argentinamunicipal.com.ar\/argentina\/wp-json\/wp\/v2\/posts\/149181","targetHints":{"allow":["GET"]}}],"collection":[{"href":"http:\/\/argentinamunicipal.com.ar\/argentina\/wp-json\/wp\/v2\/posts"}],"about":[{"href":"http:\/\/argentinamunicipal.com.ar\/argentina\/wp-json\/wp\/v2\/types\/post"}],"author":[{"embeddable":true,"href":"http:\/\/argentinamunicipal.com.ar\/argentina\/wp-json\/wp\/v2\/users\/2"}],"replies":[{"embeddable":true,"href":"http:\/\/argentinamunicipal.com.ar\/argentina\/wp-json\/wp\/v2\/comments?post=149181"}],"version-history":[{"count":0,"href":"http:\/\/argentinamunicipal.com.ar\/argentina\/wp-json\/wp\/v2\/posts\/149181\/revisions"}],"wp:featuredmedia":[{"embeddable":true,"href":"http:\/\/argentinamunicipal.com.ar\/argentina\/wp-json\/wp\/v2\/media\/149182"}],"wp:attachment":[{"href":"http:\/\/argentinamunicipal.com.ar\/argentina\/wp-json\/wp\/v2\/media?parent=149181"}],"wp:term":[{"taxonomy":"category","embeddable":true,"href":"http:\/\/argentinamunicipal.com.ar\/argentina\/wp-json\/wp\/v2\/categories?post=149181"},{"taxonomy":"post_tag","embeddable":true,"href":"http:\/\/argentinamunicipal.com.ar\/argentina\/wp-json\/wp\/v2\/tags?post=149181"}],"curies":[{"name":"wp","href":"https:\/\/api.w.org\/{rel}","templated":true}]}}