{"id":149187,"date":"2024-08-12T18:29:06","date_gmt":"2024-08-12T21:29:06","guid":{"rendered":"http:\/\/argentinamunicipal.com.ar\/argentina\/?p=149187"},"modified":"2024-08-12T18:29:06","modified_gmt":"2024-08-12T21:29:06","slug":"el-carmen-fiesta-provincial-del-alfajor-18-de-agosto","status":"publish","type":"post","link":"http:\/\/argentinamunicipal.com.ar\/argentina\/el-carmen-fiesta-provincial-del-alfajor-18-de-agosto\/","title":{"rendered":"El Carmen: Fiesta Provincial del Alfajor, 18 de Agosto"},"content":{"rendered":"<p>El 18 de agosto en El Carmen se realizar\u00e1 el Festival Provincial del Alfajor, un evento que convoca a pasteleros y emprendedores gastron\u00f3micos a participar del concurso del alfajor juje\u00f1o.<\/p>\n<p>La Municipalidad de El Carmen junto al Consejo de Emprendedores invitan a participar del Festival Provincial del Alfajor, donde en esta edici\u00f3n se podr\u00e1 disfrutar de un patio gastron\u00f3mico, paseo de artesanos y m\u00fasica en vivo.<\/p>\n<p>En tal contexto, el intendente de El Carmen, V\u00edctor Hugo Gonz\u00e1lez,convoca a reposteros y pasteleros locales a inscribirse para concursar por el mejor alfajor juje\u00f1o que tiene como premio ser expositor y representar a Jujuy en el Festival Nacional del Alfajor en La Falda, provincia de C\u00f3rdoba.<br \/>\nPor su parte, Silvina Rodr\u00edguez, miembro del Consejo de Emprendedores aclar\u00f3 que \u201cpara participar en el concurso el \u00fanico requisito es que sea juje\u00f1o y ofrezca una idea innovadora en este dulce tan popular como el alfajor. El ganador se llevar\u00e1 el pasaje, estad\u00eda y stand para estar en el evento masivo en La Falda\u201d.<br \/>\nA su vez, agreg\u00f3 que tambi\u00e9n se elegir\u00e1 a la embajadora del alfajor jue\u00f1o, \u201cinvitamos a j\u00f3venes de 15 a\u00f1os en adelante, a pasar una linda velada donde habr\u00e1 ballets y grupos musicales. La intenci\u00f3n tanto de la municipalidad como la del consejo es posicionar el producto y potenciar el turismo de la zona\u201d.<\/p>\n<p>Finalmente, rodr\u00edguez inform\u00f3 que, para participar del concurso, los interesados deber\u00e1n inscribirse al 3884081678.<\/p>\n<p>El festival se desarrollar\u00e1 el domingo 18 de agosto a partir de las 14 horas en la plaza central de la ciudad de El Carmen.<\/p>\n<h6>Fuente: diariojujuy.com.ar<\/h6>\n","protected":false},"excerpt":{"rendered":"<p>El 18 de agosto en El Carmen se realizar\u00e1 el Festival Provincial del Alfajor, un evento que convoca a pasteleros y emprendedores gastron\u00f3micos a participar del concurso del alfajor juje\u00f1o.<\/p>\n","protected":false},"author":2,"featured_media":149188,"comment_status":"closed","ping_status":"closed","sticky":false,"template":"","format":"standard","meta":{"footnotes":""},"categories":[47],"tags":[25],"class_list":["post-149187","post","type-post","status-publish","format-standard","has-post-thumbnail","hentry","category-fiestas","tag-jujuy"],"_links":{"self":[{"href":"http:\/\/argentinamunicipal.com.ar\/argentina\/wp-json\/wp\/v2\/posts\/149187","targetHints":{"allow":["GET"]}}],"collection":[{"href":"http:\/\/argentinamunicipal.com.ar\/argentina\/wp-json\/wp\/v2\/posts"}],"about":[{"href":"http:\/\/argentinamunicipal.com.ar\/argentina\/wp-json\/wp\/v2\/types\/post"}],"author":[{"embeddable":true,"href":"http:\/\/argentinamunicipal.com.ar\/argentina\/wp-json\/wp\/v2\/users\/2"}],"replies":[{"embeddable":true,"href":"http:\/\/argentinamunicipal.com.ar\/argentina\/wp-json\/wp\/v2\/comments?post=149187"}],"version-history":[{"count":0,"href":"http:\/\/argentinamunicipal.com.ar\/argentina\/wp-json\/wp\/v2\/posts\/149187\/revisions"}],"wp:featuredmedia":[{"embeddable":true,"href":"http:\/\/argentinamunicipal.com.ar\/argentina\/wp-json\/wp\/v2\/media\/149188"}],"wp:attachment":[{"href":"http:\/\/argentinamunicipal.com.ar\/argentina\/wp-json\/wp\/v2\/media?parent=149187"}],"wp:term":[{"taxonomy":"category","embeddable":true,"href":"http:\/\/argentinamunicipal.com.ar\/argentina\/wp-json\/wp\/v2\/categories?post=149187"},{"taxonomy":"post_tag","embeddable":true,"href":"http:\/\/argentinamunicipal.com.ar\/argentina\/wp-json\/wp\/v2\/tags?post=149187"}],"curies":[{"name":"wp","href":"https:\/\/api.w.org\/{rel}","templated":true}]}}