{"id":149199,"date":"2024-08-13T05:45:42","date_gmt":"2024-08-13T08:45:42","guid":{"rendered":"http:\/\/argentinamunicipal.com.ar\/argentina\/?p=149199"},"modified":"2024-08-12T18:55:21","modified_gmt":"2024-08-12T21:55:21","slug":"llaryora-en-su-laberinto","status":"publish","type":"post","link":"http:\/\/argentinamunicipal.com.ar\/argentina\/llaryora-en-su-laberinto\/","title":{"rendered":"Llaryora en su laberinto"},"content":{"rendered":"<p>Alejado de la arena nacional, el cordob\u00e9s atiende un caliente frente interno. Conflicto docente prolongado y pelea por la deuda.<\/p>\n<p>La segunda fase del gobierno de Javier Milei tambi\u00e9n apareja, de manera l\u00f3gica y obligatoria, una segunda fase en el gobierno de Mart\u00edn Llaryora en C\u00f3rdoba. La relaci\u00f3n entre ambos, aprobaci\u00f3n de la Ley \u00d3mnibus XXS mediante, tambi\u00e9n ingres\u00f3 en un nuevo estad\u00edo.<\/p>\n<p>Un mes atr\u00e1s, en la reuni\u00f3n de la Regi\u00f3n Centro, el mandatario cordob\u00e9s daba una muestra de fuerza junto a sus colegas de Santa Fe Maximiliano Pullaro y Entre R\u00edos, Rogelio Frigerio. Los tres se unieron para reclamar obra p\u00fablica y fondos frescos. En ese momento, la respuesta fue el cl\u00e1sico \u201cno hay plata\u201d.<\/p>\n<p>A diferencia de sus pares, que al menos tuvieron un mano a mano con Guillermo Francos antes del relanzamiento de Mauricio Macri, Llaryora tom\u00f3 distancia de la gesti\u00f3n nacional de la que recibi\u00f3 menos gui\u00f1os de los esperados tras la firma del Pacto de Mayo el 9 de julio. Pese a las risas y las caras de ocasi\u00f3n, la canilla sigue cerrada.<\/p>\n<p>Esa sequ\u00eda se hace sentir especialmente en la Caja de Jubilaciones, donde el reclamo es por nada menos que 431.000 millones de pesos a junio de este a\u00f1o. Entre enero y mitad de a\u00f1o, C\u00f3rdoba reclama 68.000 millones de pesos, mientras que por el per\u00edodo mayo-diciembre 2023 la acreencia asciende a 75.000 millones.<\/p>\n<p>A esto hay que sumarle otros 288.000 millones que est\u00e1n judicializados ante la Corte Suprema y que corresponden a los a\u00f1os 2020, 2021, 2022 y el primer cuatrimestre de 2023. \u00bfDiferencias?<\/p>\n<p>El entonces presidenciable Juan Schiaretti decidi\u00f3 demandar dos veces a la Anses por los fondos adeudados, mientras que la carta judicial todav\u00eda no es una opci\u00f3n cercana para el Panal del Partido Cordob\u00e9s.<\/p>\n<p>En C\u00f3rdoba, la jubilaci\u00f3n m\u00ednima es de 290.000 pesos, merced al \u00faltimo aumento otorgado por la Caja.<\/p>\n<p><strong>Blancas palomitas<\/strong><br \/>\nMientras se corr\u00eda de la escena nacional, y en medio de un viaje de negocios a Corea del Sur, Llaryora observ\u00f3 un crecimiento bastante mayor al esperado en el nivel de conflictividad en el sector p\u00fablico.\u00a0M\u00e1s concretamente en el \u00e1rea docente. Mientras se apuraba en informar el cierre de paritarias con distintos gremios p\u00fablicos, incluido el de Ferroviarios en una provincia donde no hay trenes cordobeses, la tensi\u00f3n con la Uni\u00f3n de Educadores de la Provincia de C\u00f3rdoba (Uepc) tomaba temperatura.<\/p>\n<p>Sin novedades tras la conciliaci\u00f3n obligatoria dictada antes del receso invernal, la \u201coferta superadora\u201d que d\u00edas atr\u00e1s present\u00f3 el Gobierno implic\u00f3 un b\u00e1sico de 600.000 pesos, bastante por debajo de la canasta b\u00e1sica alimentaria, que en la provincia supera los 870.000 pesos.<\/p>\n<p>El obvio rechazo motiv\u00f3 que la docencia p\u00fablica y privada vuelva a las calles, en lo que termin\u00f3 siendo una masiva marcha la semana pasada en reclamo de una mejora salarial acorde a la p\u00e9rdida del poder adquisitivo.\u00a0El paro tuvo 80 por ciento de acatamiento.<\/p>\n<p>En el medio hubo dos detalles que fueron tomados como una provocaci\u00f3n para el sector: el otorgamiento por decreto de los aumentos rechazados y el detalle en el recibo de sueldo de los fondos destinados a cada uno de los docentes por el uso del Boleto Educativo Gratuito (BEG).<\/p>\n<p>Instaurado por Schiaretti, se trata de una pol\u00edtica social que alcanza a alumnos y docentes que debidamente registrados pueden hacer uso del servicio de transporte p\u00fablico. Sin embargo, nunca antes se hab\u00eda dado \u201cpublicidad\u201d a los fondos destinados para su uso. A partir de esto se viralizaron recibos en los que, por ejemplo, se \u201crecordaba\u201d a los docentes que usaron el BEG \u201csolventado por el Estado\u201d por montos variables que dependen de las horas a cargo y de los establecimientos donde dictan clases.<\/p>\n<p>\u201cUna mojada de oreja\u201d, se\u00f1alan desde el sector.<\/p>\n<p><strong>Oposici\u00f3n a la carta<\/strong><\/p>\n<p>Como era de esperar, la oposici\u00f3n oli\u00f3 la oportunidad y tambi\u00e9n se meti\u00f3 en el tema. Mientras sus socios de la UCR definen sus cuitas internas, el senador Luis Juez difundi\u00f3 una \u201ccarta\u201d abierta en la que se\u00f1al\u00f3 que \u201cestamos dispuestos a acompa\u00f1ar medidas econ\u00f3micas extraordinarias para terminar con el conflicto docente\u201d.<\/p>\n<p>En busca de mantener la centralidad opositora provincial, Juez sostuvo que la oposici\u00f3n respaldar\u00eda, si es necesario, \u201cla reducci\u00f3n de gastos de dependencias que a\u00fan siendo importantes no son prioridad en un contexto de emergencia o discutir otras maneras de financiar la educaci\u00f3n\u201d. O sea un ajuste.<\/p>\n<p>La Provincia estuvo lejos de recoger el guante. Sin embargo, si el conflicto se extiende, el respaldo opositor podr\u00eda ser de ayuda en t\u00e9rminos de crear climas. De hecho, el propio gobernador le adjudic\u00f3 la falta de acuerdo al accionar de los \u201csectores de izquierda\u201d del gremio. Sin embargo, la \u00faltima oferta fue rechazada por la mayor\u00eda de la Asamblea Provincial, siendo que la coalici\u00f3n de izquierda est\u00e1 a cargo del departamento Capital.<\/p>\n<p><strong>Nubarrones disipados<\/strong><br \/>\nLa deuda tampoco da respiro. Un informe presentado en junio por la consultora Moody\u2019s revel\u00f3 que C\u00f3rdoba tiene un \u201cimpacto negativo fuerte\u201d en torno a los vencimientos externos para 2024.<\/p>\n<p>En la actualidad, C\u00f3rdoba tiene acreencias por 1.800 millones de d\u00f3lares, de la cual el 98% es moneda dura.<\/p>\n<p>Sin embargo, la semana pasada, Llaryora afront\u00f3 el pago de capital e intereses de dos bonos en d\u00f3lares, \u201climpiando\u201d el horizonte hasta fin de a\u00f1o.<\/p>\n<p>Se trata de un total de U$S 26,7 millones que venc\u00edan el 27 de julio y el 1\u00ba de agosto, cuya cancelaci\u00f3n signific\u00f3 la erogaci\u00f3n de 24.956 millones de pesos.<\/p>\n<p>Un poco de aire, aunque en el Panal saben que toda deuda es pol\u00edtica.<\/p>\n<h6>Fuente: P\u00e1gina 12<\/h6>\n","protected":false},"excerpt":{"rendered":"<p>Alejado de la arena nacional, el cordob\u00e9s atiende un caliente frente interno. Conflicto docente prolongado y pelea por la deuda.<\/p>\n","protected":false},"author":2,"featured_media":149200,"comment_status":"closed","ping_status":"closed","sticky":false,"template":"","format":"standard","meta":{"footnotes":""},"categories":[4],"tags":[3],"class_list":["post-149199","post","type-post","status-publish","format-standard","has-post-thumbnail","hentry","category-informe-politico","tag-cordoba"],"_links":{"self":[{"href":"http:\/\/argentinamunicipal.com.ar\/argentina\/wp-json\/wp\/v2\/posts\/149199","targetHints":{"allow":["GET"]}}],"collection":[{"href":"http:\/\/argentinamunicipal.com.ar\/argentina\/wp-json\/wp\/v2\/posts"}],"about":[{"href":"http:\/\/argentinamunicipal.com.ar\/argentina\/wp-json\/wp\/v2\/types\/post"}],"author":[{"embeddable":true,"href":"http:\/\/argentinamunicipal.com.ar\/argentina\/wp-json\/wp\/v2\/users\/2"}],"replies":[{"embeddable":true,"href":"http:\/\/argentinamunicipal.com.ar\/argentina\/wp-json\/wp\/v2\/comments?post=149199"}],"version-history":[{"count":0,"href":"http:\/\/argentinamunicipal.com.ar\/argentina\/wp-json\/wp\/v2\/posts\/149199\/revisions"}],"wp:featuredmedia":[{"embeddable":true,"href":"http:\/\/argentinamunicipal.com.ar\/argentina\/wp-json\/wp\/v2\/media\/149200"}],"wp:attachment":[{"href":"http:\/\/argentinamunicipal.com.ar\/argentina\/wp-json\/wp\/v2\/media?parent=149199"}],"wp:term":[{"taxonomy":"category","embeddable":true,"href":"http:\/\/argentinamunicipal.com.ar\/argentina\/wp-json\/wp\/v2\/categories?post=149199"},{"taxonomy":"post_tag","embeddable":true,"href":"http:\/\/argentinamunicipal.com.ar\/argentina\/wp-json\/wp\/v2\/tags?post=149199"}],"curies":[{"name":"wp","href":"https:\/\/api.w.org\/{rel}","templated":true}]}}