{"id":149202,"date":"2024-08-13T05:30:25","date_gmt":"2024-08-13T08:30:25","guid":{"rendered":"http:\/\/argentinamunicipal.com.ar\/argentina\/?p=149202"},"modified":"2024-08-12T18:58:15","modified_gmt":"2024-08-12T21:58:15","slug":"el-amparo-contra-la-quita-de-los-subsidios-nacionales-al-transporte-se-tramitara-en-rosario","status":"publish","type":"post","link":"http:\/\/argentinamunicipal.com.ar\/argentina\/el-amparo-contra-la-quita-de-los-subsidios-nacionales-al-transporte-se-tramitara-en-rosario\/","title":{"rendered":"El amparo contra la quita de los subsidios nacionales al transporte se tramitar\u00e1 en Rosario"},"content":{"rendered":"<p>As\u00ed lo resolvi\u00f3 la Corte Suprema de Justicia de la Naci\u00f3n, los procesos iniciados en otras localidades se sumar\u00e1n a la causa iniciada en la ciudad<\/p>\n<p>El\u00a0amparo colectivo\u00a0iniciado por un grupo de vecinos de Barrio Parque Casas contra la eliminaci\u00f3n de los subsidios nacionales al transporte p\u00fablico dio un paso importante. La Corte Suprema de Justicia de la Naci\u00f3n\u00a0hizo lugar al pedido para que la causa se tramite en la ciudad.\u00a0A este tr\u00e1mite se sumar\u00e1n otras presentaciones similares generadas en otras provincias del pa\u00eds.<\/p>\n<p>La presentaci\u00f3n judicial es una de las tantas estrategias puestas en marcha para lograr mayores fondos para el sistema de colectivos urbanos, siempre relegado respecto a la ciudad de Buenos Aires. En la Legislatura nacional, la Red federal de intendentes impulsa la aprobaci\u00f3n de una ley que redistribuya la al\u00edcuota de los combustibles hacia el interior.<\/p>\n<p>En febrero pasado el gobierno de Javier Milei tomo la decisi\u00f3n de eliminar el Fondo Compensador del Interior, que distribuye subsidios a empresas de transporte fuera del \u00c1rea Metropolitana de Buenos Aires (Amba), una medida que muchos juzgaron como \u00abun golpe mortal\u00bb al servicio p\u00fablico de colectivos del interior.<\/p>\n<p>Hace cinco d\u00edas, se anunci\u00f3 tambi\u00e9n la quita de subsidios al transporte urbano de la ciudad de Buenos Aires a partir de septiembre. Desde el pr\u00f3ximo mes, Naci\u00f3n subsidiar\u00e1 exclusivamente los servicios que realizan un recorrido entre la ciudad de Buenos Aires y provincia de Buenos Aires.<\/p>\n<p><strong>El amparo en Rosario, la causa madre<\/strong><br \/>\nA\u00a0fines de febrero, un grupo de vecinos de\u00a0Barrio Parque Casas\u00a0inici\u00f3 una acci\u00f3n judicial para pedir la\u00a0restituci\u00f3n del Fondo de Transporte del Interior.<\/p>\n<p>Recientemente,\u00a0la Corte Suprema de Justicia de la Naci\u00f3n (CSJN) hizo lugar al pedido para que la Justicia Federal de Rosario tramite -como \u201ccausa madre\u201d- un amparo colectivo contra el Estado Nacional tendiente a restituir el Fondo del Transporte que elimin\u00f3 para todo el pa\u00eds excepto para el AMBA (Capital Federal y Gran Buenos Aires).<\/p>\n<p>La Corte inscribi\u00f3 el mencionado amparo en el Registro de Procesos Colectivos lo que implica que se deber\u00e1n remitir al Juzgado Federal N\u00ba 1 de Rosario, a cargo de Gast\u00f3n Alberto Salmain, \u201ctodos aquellos procesos cuya pretensi\u00f3n presente una sustancial semejanza en la afectaci\u00f3n de los derechos de incidencia colectiva\u201d, de acuerdo al reglamento de actuaci\u00f3n en procesos colectivos.<\/p>\n<p>De esta forma,\u00a0el amparo iniciado en Rosario es la causa madre, es decir, la primera admitida por la Corte sobre este tema y cualquier otra causa iniciada o a iniciarse en el mismo sentido se debe acumular\u00a0y seguir el tr\u00e1mite de la primera. Esto se realiza para ordenar el proceso judicial, que haya una sola causa en tr\u00e1mite y que, oportunamente, se dicte una sola sentencia sobre el tema.<\/p>\n<p>La causa est\u00e1 acompa\u00f1ada por \u00e1rea de litigio estrat\u00e9gico de la Fundaci\u00f3n por los Derechos Econ\u00f3micos, Sociales y Culturales, presidida por el Roberto Sukerman.<\/p>\n<p>Para el abogado, \u00abresulta importante destacar c\u00f3mo desde distintos \u00e1mbitos, distintos actores de la ciudad reclamaron por este tema.\u00a0Como ciudadanos nosotros lo que hicimos fue recurrir a la Justicia, para que se revise y se deje sin efecto esta medida que castiga al transporte del interior\u00bb.<\/p>\n<p>Sukerman resalt\u00f3 tambi\u00e9n los beneficios de que el amparo colectivo se tramite en la ciudad lo que permite tener un mejor seguimiento del proceso.<\/p>\n<p>La quita de subsidios nacionales al transporte afecta directamente a millones de argentinos de todo el pa\u00eds excepto del AMBA (Capital Federal y Gran Buenos Aires)\u00a0que utilizan diariamente el transporte p\u00fablico para movilizarse y perjudica (destroza) el tejido social y productivo del pa\u00eds.<\/p>\n<p>El retiro de fondos p\u00fablicos al transporte incrementa el costo de la tarifa que podr\u00eda volverse impagable\u00a0para los ciudadanos, especialmente los m\u00e1s vulnerables, mutilando as\u00ed los servicios de transporte municipales.<\/p>\n<h6>Fuente: La Capital<\/h6>\n","protected":false},"excerpt":{"rendered":"<p>As\u00ed lo resolvi\u00f3 la Corte Suprema de Justicia de la Naci\u00f3n, los procesos iniciados en otras localidades se sumar\u00e1n a la causa iniciada en la ciudad<\/p>\n","protected":false},"author":2,"featured_media":149203,"comment_status":"closed","ping_status":"closed","sticky":false,"template":"","format":"standard","meta":{"footnotes":""},"categories":[2],"tags":[10],"class_list":["post-149202","post","type-post","status-publish","format-standard","has-post-thumbnail","hentry","category-informe-municipal","tag-santa-fe"],"_links":{"self":[{"href":"http:\/\/argentinamunicipal.com.ar\/argentina\/wp-json\/wp\/v2\/posts\/149202","targetHints":{"allow":["GET"]}}],"collection":[{"href":"http:\/\/argentinamunicipal.com.ar\/argentina\/wp-json\/wp\/v2\/posts"}],"about":[{"href":"http:\/\/argentinamunicipal.com.ar\/argentina\/wp-json\/wp\/v2\/types\/post"}],"author":[{"embeddable":true,"href":"http:\/\/argentinamunicipal.com.ar\/argentina\/wp-json\/wp\/v2\/users\/2"}],"replies":[{"embeddable":true,"href":"http:\/\/argentinamunicipal.com.ar\/argentina\/wp-json\/wp\/v2\/comments?post=149202"}],"version-history":[{"count":0,"href":"http:\/\/argentinamunicipal.com.ar\/argentina\/wp-json\/wp\/v2\/posts\/149202\/revisions"}],"wp:featuredmedia":[{"embeddable":true,"href":"http:\/\/argentinamunicipal.com.ar\/argentina\/wp-json\/wp\/v2\/media\/149203"}],"wp:attachment":[{"href":"http:\/\/argentinamunicipal.com.ar\/argentina\/wp-json\/wp\/v2\/media?parent=149202"}],"wp:term":[{"taxonomy":"category","embeddable":true,"href":"http:\/\/argentinamunicipal.com.ar\/argentina\/wp-json\/wp\/v2\/categories?post=149202"},{"taxonomy":"post_tag","embeddable":true,"href":"http:\/\/argentinamunicipal.com.ar\/argentina\/wp-json\/wp\/v2\/tags?post=149202"}],"curies":[{"name":"wp","href":"https:\/\/api.w.org\/{rel}","templated":true}]}}