{"id":149217,"date":"2024-08-13T05:26:50","date_gmt":"2024-08-13T08:26:50","guid":{"rendered":"http:\/\/argentinamunicipal.com.ar\/argentina\/?p=149217"},"modified":"2024-08-12T19:29:13","modified_gmt":"2024-08-12T22:29:13","slug":"avanza-el-acueducto-santa-fe-cordoba-la-primera-etapa-beneficiara-a-20-000-habitantes-de-coronda","status":"publish","type":"post","link":"http:\/\/argentinamunicipal.com.ar\/argentina\/avanza-el-acueducto-santa-fe-cordoba-la-primera-etapa-beneficiara-a-20-000-habitantes-de-coronda\/","title":{"rendered":"Avanza el acueducto Santa Fe &#8211; C\u00f3rdoba: la primera etapa beneficiar\u00e1 a 20.000 habitantes de Coronda"},"content":{"rendered":"<p>La Etapa I tendr\u00e1 un impacto directo sobre 410 mil habitantes de ambas provincias, y que se ejecutar\u00e1 entre las localidades de Coronda y San Francisco, proporcionando agua potable a 54 localidades: 32 en Santa Fe y 22 en C\u00f3rdoba.<\/p>\n<p>El ministro de Obras P\u00fablicas, Lisandro Enrico, inform\u00f3 acerca de los avances del Acueducto Interprovincial Santa Fe &#8211; C\u00f3rdoba, que en la Etapa I tendr\u00e1 un impacto directo sobre 410 mil habitantes de ambas provincias, y que se ejecutar\u00e1 entre las localidades de Coronda y San Francisco, proporcionando agua potable a 54 localidades: 32 en Santa Fe y 22 en C\u00f3rdoba. Se trata de una megaobra, que est\u00e1 comenzando a desarrollarse en las gestiones de los gobernadores Maximiliano Pullaro y su par cordob\u00e9s, Mart\u00edn Llaryora.<\/p>\n<p>Al respecto, Lisandro Enrico, remarc\u00f3 los primeros avances y destac\u00f3 el trabajo conjunto entre ambas provincias. \u201cEstamos supervisando de cerca esta obra trascendental y \u00fanica en el pa\u00eds, gestionada y conducida por dos provincias estrat\u00e9gicas del interior, protagonistas sin dudas de la agroindustria y la producci\u00f3n nacional. Hablamos de una obra que en su totalidad comprende 500 kil\u00f3metros de ca\u00f1er\u00eda, entre la construcci\u00f3n de conductos troncales y los diferentes ramales\u201d.<\/p>\n<p>\u201cGarantizar el acceso al agua potable y proyectarlo a futuro, es unas de las pol\u00edticas p\u00fablicas claves del gobernador Maximiliano Pullaro y es una pol\u00edtica de Estado, una visi\u00f3n que compartimos con nuestros pares cordobeses y que seguiremos gestionando a trav\u00e9s de cr\u00e9ditos internacionales, hasta finalizar este proyecto de gran magnitud\u201d, asegur\u00f3 Enrico.<\/p>\n<p>Por su parte, la directora Provincial de Acueductos, Paula Nard\u00edn explic\u00f3: \u201cEstamos en la etapa inicial de la obra, donde se construye la infraestructura de base, ejecutando la obra de toma, la planta potabilizadora y la estaci\u00f3n de bombeo N\u00ba 1. Luego seguiremos con las tareas para dotar de infraestructura el\u00e9ctrica al acueducto y la construcci\u00f3n del ramal de conexi\u00f3n a Coronda\u201d.<\/p>\n<p>\u201cEn un mes aproximadamente vamos a realizar el cruce de la ruta nacional N\u00ba 11, con ca\u00f1er\u00eda de 1,7 metros de di\u00e1metro, utilizando el m\u00e9todo tunnel liner con excavaci\u00f3n manual, para luego extraer el suelo del sector con maquinaria de gran porte\u201d, adelant\u00f3 la funcionaria.<\/p>\n<p><strong>Caracter\u00edsticas de la obra<\/strong><br \/>\nTodo el proyecto es conducido por una Unidad Ejecutora biprovincial, que en representaci\u00f3n de la provincia de Santa Fe est\u00e1 compuesta por un vocal titular, el director ejecutivo de la Agencia de Cooperaci\u00f3n Econ\u00f3mica y Financiamiento Externo, Gonzalo Saglione y una vocal suplente, la directora provincial de Acueductos, Paula Nard\u00edn.<\/p>\n<p>La Etapa I est\u00e1 dividida en 8 bloques y actualmente se desarrolla el primero de los bloques, que beneficiar\u00e1 a 20.000 habitantes de Coronda. Los trabajos que se desarrollan en el Bloque A, de la Fase I (Etapa I), consisten en la construcci\u00f3n de la obra de toma, conducciones, estaci\u00f3n de bombeo, la planta potabilizadora e instalaciones el\u00e9ctricas.<\/p>\n<p>Al finalizar la Etapa I completa, se tendr\u00e1 un impacto directo sobre 410.000 habitantes de ambas provincias, entre Coronda y San Francisco, mientras que la obra en su totalidad, con las Etapas I y II (desde Coronda hasta C\u00f3rdoba capital) proyecta beneficiar a 83 localidades de ambas provincias, dotando de agua potable a m\u00e1s de 1.000.000 de habitantes.<\/p>\n<h6>Fuente: Uno<\/h6>\n","protected":false},"excerpt":{"rendered":"<p>La Etapa I tendr\u00e1 un impacto directo sobre 410 mil habitantes de ambas provincias, y que se ejecutar\u00e1 entre las localidades de Coronda y San Francisco, proporcionando agua potable a 54 localidades: 32 en Santa Fe y 22 en C\u00f3rdoba.<\/p>\n","protected":false},"author":2,"featured_media":149218,"comment_status":"closed","ping_status":"closed","sticky":false,"template":"","format":"standard","meta":{"footnotes":""},"categories":[2],"tags":[3,10],"class_list":["post-149217","post","type-post","status-publish","format-standard","has-post-thumbnail","hentry","category-informe-municipal","tag-cordoba","tag-santa-fe"],"_links":{"self":[{"href":"http:\/\/argentinamunicipal.com.ar\/argentina\/wp-json\/wp\/v2\/posts\/149217","targetHints":{"allow":["GET"]}}],"collection":[{"href":"http:\/\/argentinamunicipal.com.ar\/argentina\/wp-json\/wp\/v2\/posts"}],"about":[{"href":"http:\/\/argentinamunicipal.com.ar\/argentina\/wp-json\/wp\/v2\/types\/post"}],"author":[{"embeddable":true,"href":"http:\/\/argentinamunicipal.com.ar\/argentina\/wp-json\/wp\/v2\/users\/2"}],"replies":[{"embeddable":true,"href":"http:\/\/argentinamunicipal.com.ar\/argentina\/wp-json\/wp\/v2\/comments?post=149217"}],"version-history":[{"count":0,"href":"http:\/\/argentinamunicipal.com.ar\/argentina\/wp-json\/wp\/v2\/posts\/149217\/revisions"}],"wp:featuredmedia":[{"embeddable":true,"href":"http:\/\/argentinamunicipal.com.ar\/argentina\/wp-json\/wp\/v2\/media\/149218"}],"wp:attachment":[{"href":"http:\/\/argentinamunicipal.com.ar\/argentina\/wp-json\/wp\/v2\/media?parent=149217"}],"wp:term":[{"taxonomy":"category","embeddable":true,"href":"http:\/\/argentinamunicipal.com.ar\/argentina\/wp-json\/wp\/v2\/categories?post=149217"},{"taxonomy":"post_tag","embeddable":true,"href":"http:\/\/argentinamunicipal.com.ar\/argentina\/wp-json\/wp\/v2\/tags?post=149217"}],"curies":[{"name":"wp","href":"https:\/\/api.w.org\/{rel}","templated":true}]}}