{"id":149236,"date":"2024-08-14T05:17:08","date_gmt":"2024-08-14T08:17:08","guid":{"rendered":"http:\/\/argentinamunicipal.com.ar\/argentina\/?p=149236"},"modified":"2024-08-13T18:19:23","modified_gmt":"2024-08-13T21:19:23","slug":"gualeguaychu-empleados-municipales-rechazaron-propuesta-salarial-y-piden-un-aumento-lejos-del-ofrecido","status":"publish","type":"post","link":"http:\/\/argentinamunicipal.com.ar\/argentina\/gualeguaychu-empleados-municipales-rechazaron-propuesta-salarial-y-piden-un-aumento-lejos-del-ofrecido\/","title":{"rendered":"Gualeguaych\u00fa: Empleados municipales rechazaron propuesta salarial y piden un aumento lejos del ofrecido"},"content":{"rendered":"<p>El ejecutivo ofreci\u00f3 un incremento del 15% para el per\u00edodo de julio a septiembre o un 18% si se incluye tambi\u00e9n el mes de octubre \u00b7 El sindicato rechaz\u00f3 la oferta pero, a la vez, baj\u00f3 sus pretensiones: del 60% pedido en primera instancia, ahora reclama un 45%.<\/p>\n<p>El Sindicato de Trabajadores Municipales de Gualeguaych\u00fa (Sitramg) decidi\u00f3 rechazar la oferta del Ejecutivo, que constaba de un incremento del 15% dividido en 3 tramos (4% retroactivo en julio, 9% en agosto y 2% en septiembre) o del 18% abarcando tambi\u00e9n el mes de octubre, dividido tambi\u00e9n en 3 partes (4% retroactivo en julio, 8% en agosto y 6% en octubre).<\/p>\n<p>Los representantes de los empleados pidieron un incremento del 45% para los pr\u00f3ximos tres meses, 18% retroactivo en julio, 15% en agosto y 12% en septiembre. As\u00ed, bajaron un 15% de sus pretensiones iniciales de un aumento del 60%.<\/p>\n<p>Adem\u00e1s, solicitaron elevar el m\u00ednimo garantizado a $550.000 retroactivo a julio, mientras que el ofrecimiento del Ejecutivo fue subirlo a $400.000 en agosto.<\/p>\n<p>El presidente del Sitramg, Edgardo Garc\u00eda, confirm\u00f3 a Ahora ElD\u00eda que se rechaz\u00f3 la propuesta y se envi\u00f3 una nueva \u201cesperando una respuesta a la brevedad, porque los compa\u00f1eros ya est\u00e1n nerviosos porque pasan los d\u00edas y la propuesta del ejecutivo sigue estando lejos de lo que pretendemos\u201d, asever\u00f3.<\/p>\n<p>En cuanto a si tomar\u00e1n medidas de fuerza, Garc\u00eda manifest\u00f3: \u201cTodav\u00eda no, tenemos que esperar una nueva propuesta y ah\u00ed se decide si se empieza con alguna medida de fuerza\u201d.<\/p>\n<h6>Fuente: APFDigital<\/h6>\n","protected":false},"excerpt":{"rendered":"<p>El ejecutivo ofreci\u00f3 un incremento del 15% para el per\u00edodo de julio a septiembre o un 18% si se incluye tambi\u00e9n el mes de octubre \u00b7 El sindicato rechaz\u00f3 la oferta pero, a la vez, baj\u00f3 sus pretensiones: del 60% pedido en primera instancia, ahora reclama un 45%.<\/p>\n","protected":false},"author":2,"featured_media":149237,"comment_status":"closed","ping_status":"closed","sticky":false,"template":"","format":"standard","meta":{"footnotes":""},"categories":[7],"tags":[17],"class_list":["post-149236","post","type-post","status-publish","format-standard","has-post-thumbnail","hentry","category-informe-sindical","tag-entre-rios"],"_links":{"self":[{"href":"http:\/\/argentinamunicipal.com.ar\/argentina\/wp-json\/wp\/v2\/posts\/149236","targetHints":{"allow":["GET"]}}],"collection":[{"href":"http:\/\/argentinamunicipal.com.ar\/argentina\/wp-json\/wp\/v2\/posts"}],"about":[{"href":"http:\/\/argentinamunicipal.com.ar\/argentina\/wp-json\/wp\/v2\/types\/post"}],"author":[{"embeddable":true,"href":"http:\/\/argentinamunicipal.com.ar\/argentina\/wp-json\/wp\/v2\/users\/2"}],"replies":[{"embeddable":true,"href":"http:\/\/argentinamunicipal.com.ar\/argentina\/wp-json\/wp\/v2\/comments?post=149236"}],"version-history":[{"count":0,"href":"http:\/\/argentinamunicipal.com.ar\/argentina\/wp-json\/wp\/v2\/posts\/149236\/revisions"}],"wp:featuredmedia":[{"embeddable":true,"href":"http:\/\/argentinamunicipal.com.ar\/argentina\/wp-json\/wp\/v2\/media\/149237"}],"wp:attachment":[{"href":"http:\/\/argentinamunicipal.com.ar\/argentina\/wp-json\/wp\/v2\/media?parent=149236"}],"wp:term":[{"taxonomy":"category","embeddable":true,"href":"http:\/\/argentinamunicipal.com.ar\/argentina\/wp-json\/wp\/v2\/categories?post=149236"},{"taxonomy":"post_tag","embeddable":true,"href":"http:\/\/argentinamunicipal.com.ar\/argentina\/wp-json\/wp\/v2\/tags?post=149236"}],"curies":[{"name":"wp","href":"https:\/\/api.w.org\/{rel}","templated":true}]}}