{"id":149239,"date":"2024-08-19T05:00:35","date_gmt":"2024-08-19T08:00:35","guid":{"rendered":"http:\/\/argentinamunicipal.com.ar\/argentina\/?p=149239"},"modified":"2024-08-13T18:22:46","modified_gmt":"2024-08-13T21:22:46","slug":"san-francisco-avanza-en-la-creacion-de-pulmones-verdes","status":"publish","type":"post","link":"http:\/\/argentinamunicipal.com.ar\/argentina\/san-francisco-avanza-en-la-creacion-de-pulmones-verdes\/","title":{"rendered":"San Francisco avanza en la creaci\u00f3n de pulmones verdes"},"content":{"rendered":"<p>El municipio adherir\u00e1 al programa provincial Pulmones Verdes, que promueve la creaci\u00f3n de espacios urbanos que conservan el ecosistema y la biodiversidad aut\u00f3ctona. Funcionarios de C\u00f3rdoba recorrieron el vivero municipal y proyectos escolares.<\/p>\n<p>Un equipo del Ministerio de Ambiente de la Provincia de C\u00f3rdoba visit\u00f3 este jueves San Francisco para conocer m\u00e1s sobre distintos proyectos que se llevan a cabo vinculados con el cuidado del medio ambiente. Estuvo presente, entre otros, el subsecretario de Biodiversidad, Miguel Magnasco.<\/p>\n<p>Entre las actividades, los funcionarios visitaron el invernadero la Escuela ProA con especialidad en Biotecnolog\u00eda, la Escuela Primera Junta donde entreg\u00f3 kits del programa \u201cVivero Aliado\u201d y el Vivero Municipal emplazado en un sector del Hogar Diehl de Sienra, que aspira a ser un gran pulm\u00f3n verde en la ciudad. Tambi\u00e9n, Magnasco se reuni\u00f3 con el gerente del Parque Industrial, Leonardo Beccar\u00eda, para interiorizarse sobre el plan de forestaci\u00f3n en este polo fabril donde la semana pr\u00f3xima plantar\u00e1n m\u00e1s de 500 especies de \u00e1rboles.<\/p>\n<p>\u201cTrabajamos para federalizar la gesti\u00f3n y esto significa ir a cada localidad, a todos los territorios de la provincia de C\u00f3rdoba con pol\u00edticas p\u00fablicas concretas. Hoy (por ayer) vinimos a San Francisco para realizar una jornada sobre biodiversidad. Visitamos la Escuela ProA donde se est\u00e1n desarrollando muchos proyectos ambientales y llevamos a la Escuela Primera Junta el programa \u2018Viveros Aliados\u2019, que es para producir plantas nativas de C\u00f3rdoba. Estas son las plantas que necesitamos para que se cumplan todos los servicios ecosist\u00e9micos que necesitamos\u201d, dijo el funcionario a\u00a0LA VOZ DE SAN JUSTO.<\/p>\n<p>Magnasco destac\u00f3 la importancia de que San Francisco tenga un vivero propio: \u201cEl Vivero Municipal es un lugar precioso al que la municipalidad \u00a0le est\u00e1 dando mucho vuelo\u201d. Y anunci\u00f3 que la ciudad adherir\u00e1 al programa provincial Pulmones Verdes, que tiene como finalidad la conservaci\u00f3n, restauraci\u00f3n, creaci\u00f3n y fortalecimiento de espacios naturales o seminaturales urbanos, que conserven y protejan la diversidad biol\u00f3gica y su ecosistema aut\u00f3ctono. De esta manera, el proyecto contribuye a la resiliencia local frente a las consecuencias del cambio clim\u00e1tico global.<\/p>\n<p>El objetivo es crear un espacio que permita la coexistencia de la diversidad biol\u00f3gica urbana, ofreci\u00e9ndole h\u00e1bitat, refugio, alimentaci\u00f3n, interacci\u00f3n y conectividad con el entorno. A su vez, un pulm\u00f3n verde brinda servicios ambientales a la comunidad local.<\/p>\n<p>Acompa\u00f1aron a Magnasco en la recorrida Hobey Salv\u00e1tico y Dar\u00edo Muratore, de la Secretar\u00eda de Servicios P\u00fablicos del municipio. \u00c9stos recordaron las secuelas que las \u00faltimas tormentas fuertes dejaron en el arbolado urbano con la ca\u00edda \u201cde m\u00e1s de 500 especies, entonces tenemos que recolectar y plantar nuevos ejemplares. La creaci\u00f3n del pulm\u00f3n verde es un puntapi\u00e9 inicial que no lo podr\u00edamos hacer si no tuvi\u00e9semos el vivero municipal y un equipo de trabajo de la Provincia que nos va a acompa\u00f1ar y nos va a guiar en c\u00f3mo hacerlo. Vamos a hacer de San Francisco la ciudad m\u00e1s amiga del medio ambiente\u201d, manifest\u00f3 Muratore.<\/p>\n<p>\u201cEstamos en los inicios del vivero, pero ya estamos rodeados de muchos plantines, no es toda la producci\u00f3n, ya que en la escuela de campo (Ipea 222) hacen el trasplante a macetas m\u00e1s grande. La idea es crear un pulm\u00f3n verde en el predio del vivero y dentro de un tiempo, poder generar especies para forestar nuestra ciudad\u201d, concluy\u00f3 Salv\u00e1tico.<\/p>\n<h6>Fuente: La Voz de San Francisco<\/h6>\n","protected":false},"excerpt":{"rendered":"<p>El municipio adherir\u00e1 al programa provincial Pulmones Verdes, que promueve la creaci\u00f3n de espacios urbanos que conservan el ecosistema y la biodiversidad aut\u00f3ctona.<\/p>\n","protected":false},"author":2,"featured_media":149240,"comment_status":"closed","ping_status":"closed","sticky":false,"template":"","format":"standard","meta":{"footnotes":""},"categories":[2],"tags":[3],"class_list":["post-149239","post","type-post","status-publish","format-standard","has-post-thumbnail","hentry","category-informe-municipal","tag-cordoba"],"_links":{"self":[{"href":"http:\/\/argentinamunicipal.com.ar\/argentina\/wp-json\/wp\/v2\/posts\/149239","targetHints":{"allow":["GET"]}}],"collection":[{"href":"http:\/\/argentinamunicipal.com.ar\/argentina\/wp-json\/wp\/v2\/posts"}],"about":[{"href":"http:\/\/argentinamunicipal.com.ar\/argentina\/wp-json\/wp\/v2\/types\/post"}],"author":[{"embeddable":true,"href":"http:\/\/argentinamunicipal.com.ar\/argentina\/wp-json\/wp\/v2\/users\/2"}],"replies":[{"embeddable":true,"href":"http:\/\/argentinamunicipal.com.ar\/argentina\/wp-json\/wp\/v2\/comments?post=149239"}],"version-history":[{"count":0,"href":"http:\/\/argentinamunicipal.com.ar\/argentina\/wp-json\/wp\/v2\/posts\/149239\/revisions"}],"wp:featuredmedia":[{"embeddable":true,"href":"http:\/\/argentinamunicipal.com.ar\/argentina\/wp-json\/wp\/v2\/media\/149240"}],"wp:attachment":[{"href":"http:\/\/argentinamunicipal.com.ar\/argentina\/wp-json\/wp\/v2\/media?parent=149239"}],"wp:term":[{"taxonomy":"category","embeddable":true,"href":"http:\/\/argentinamunicipal.com.ar\/argentina\/wp-json\/wp\/v2\/categories?post=149239"},{"taxonomy":"post_tag","embeddable":true,"href":"http:\/\/argentinamunicipal.com.ar\/argentina\/wp-json\/wp\/v2\/tags?post=149239"}],"curies":[{"name":"wp","href":"https:\/\/api.w.org\/{rel}","templated":true}]}}