{"id":149242,"date":"2024-08-14T05:30:44","date_gmt":"2024-08-14T08:30:44","guid":{"rendered":"http:\/\/argentinamunicipal.com.ar\/argentina\/?p=149242"},"modified":"2024-08-13T18:37:42","modified_gmt":"2024-08-13T21:37:42","slug":"la-facturacion-privada-rosarina-no-encuentra-piso-y-algunos-sectores-retrocedieron-a-2018","status":"publish","type":"post","link":"http:\/\/argentinamunicipal.com.ar\/argentina\/la-facturacion-privada-rosarina-no-encuentra-piso-y-algunos-sectores-retrocedieron-a-2018\/","title":{"rendered":"La facturaci\u00f3n privada rosarina no encuentra piso y algunos sectores retrocedieron a 2018"},"content":{"rendered":"<p>Industria, comercio y construcci\u00f3n son los sectores que vieron m\u00e1s resentida su facturaci\u00f3n. Estas ca\u00eddas generan un impacto directo al coraz\u00f3n del empleo local<\/p>\n<p>La actividad econ\u00f3mica en Rosario se mantiene en sinton\u00eda con el contexto macroecon\u00f3mico nacional y sigue sin mostrar signos de recuperaci\u00f3n, seg\u00fan exponen los datos de los primeros meses. Industria, comercio y construcci\u00f3n son los sectores que vieron m\u00e1s resentida su facturaci\u00f3n, al punto de mostrar registros que no se ve\u00edan desde el a\u00f1o 2018, como sucede en el primer caso. Se trata de ca\u00eddas que generan un impacto directo al coraz\u00f3n del empleo local.<\/p>\n<p>Los datos se desprenden del \u00faltimo informe de la Fundaci\u00f3n Banco Municipal (FBM), en el que destacaron que durante mayo pasado la facturaci\u00f3n privada real de Rosario (CIE \u2013 Municipalidad de Rosario) se contrajo 12,1% i.a., acumulando una ca\u00edda de 11,9% i.a. en los primeros cinco meses del a\u00f1o. La p\u00e9rdida de casi toda la expansi\u00f3n conseguida en los \u00faltimos dos a\u00f1os se debe al retroceso en la facturaci\u00f3n privada real de la Industria, que cay\u00f3 a niveles de 2018; del Comercio, que se situ\u00f3 en niveles de 2019; y de la Construcci\u00f3n, que se ubic\u00f3 en niveles 2021.<\/p>\n<p>Aunque en mayo estos sectores recortaron su ca\u00edda interanual respecto a meses anteriores, las tasas negativas siguen siendo elevadas: las de Industria y Construcci\u00f3n superan los 25 puntos porcentuales. Mientras tanto, la actividad de Servicios privados se contrajo m\u00e1s que en meses previos.<\/p>\n<p>En mayo de 2024, todos los sectores econ\u00f3micos continuaron contray\u00e9ndose, aunque a un menor ritmo, excepto Servicios privados que profundiz\u00f3 su ca\u00edda. Durante los primeros cinco meses de 2024, la Industria retrocedi\u00f3 a niveles de 2018, perdiendo la expansi\u00f3n pospandemia, pero manteni\u00e9ndose holgadamente por encima del m\u00ednimo de 2020.<\/p>\n<p>La facturaci\u00f3n real del Comercio es similar a la registrada en 2019, mientras que la de la Construcci\u00f3n se sit\u00faa ligeramente por debajo de los niveles de 2021; ambas permanecen por encima del m\u00ednimo de 2020. En cambio, Servicios privados se encuentra apenas por debajo del m\u00e1ximo hist\u00f3rico de 2023.<\/p>\n<p>El informe rescat\u00f3 que a pesar de que todos los sectores muestran una ca\u00edda respecto de sus niveles del a\u00f1o anterior, el dato mensual indica que Industria, Comercio y Construcci\u00f3n se expandieron alrededor de 10% con respecto al mes de abril, mientras que Servicios privados s\u00f3lo vari\u00f3 0,9%. En Comercio y Servicios es la segunda variaci\u00f3n positiva consecutiva, mientras que para los otros dos sectores es la primera.<\/p>\n<p>Probablemente, parte de esta marcada recuperaci\u00f3n mensual est\u00e9 relacionada con una parcial recuperaci\u00f3n del poder de compra de los consumidores. Parcial porque, si bien en mayo el \u00cdndice de Salarios registr\u00f3 una suba acumulada anual de 73,6% y el \u00cdndice de Precios al Consumidor se ubic\u00f3 ligeramente por detr\u00e1s con 71,9%, para finales de 2023 el poder de compra de los trabajadores del Aglomerado Gran Rosario ya hab\u00eda perdido una cuarta parte en los \u00faltimos seis a\u00f1os.<\/p>\n<p>No obstante, en la recuperaci\u00f3n de las ventas tambi\u00e9n se suma el regreso del cr\u00e9dito debido a la desaceleraci\u00f3n inflacionaria y la baja en las tasas de inter\u00e9s, que permitieron mayores plazos y menores costos de financiamiento. Incluso, la recuperaci\u00f3n de los sectores ligados a la actividad primaria a nivel nacional tracciona positivamente a ramas industriales y de servicios de la ciudad ligadas a esta actividad.<\/p>\n<p>Esta leve mejora entre mayo y el mes previo no resulta suficiente para afirmar que la ca\u00edda de la actividad econ\u00f3mica local ya encontr\u00f3 su piso y cu\u00e1l podr\u00eda ser el plazo de recuperaci\u00f3n, si este comportamiento contin\u00faa en los meses pr\u00f3ximos. De momento, los signos de recuperaci\u00f3n no son claros y resultan heterog\u00e9neos por sectores.<\/p>\n<p>Seg\u00fan datos de junio a nivel nacional, la Confederaci\u00f3n Argentina de la Mediana Empresa (Came) mostr\u00f3 que las ventas minoristas de las pymes subieron 1,2% respecto a mayo, mientras que la actividad manufacturera se contrajo en promedio 1,6% mensual seg\u00fan el IPI Manufacturero de Indec. Por otra parte, el Indicador sint\u00e9tico de la actividad de la construcci\u00f3n (Isac \u2013 Indec10) se expandi\u00f3 2,7% mensual en junio.<\/p>\n<h6>Fuente: El Ciudadano<\/h6>\n","protected":false},"excerpt":{"rendered":"<p>Industria, comercio y construcci\u00f3n son los sectores que vieron m\u00e1s resentida su facturaci\u00f3n. Estas ca\u00eddas generan un impacto directo al coraz\u00f3n del empleo local<\/p>\n","protected":false},"author":2,"featured_media":149243,"comment_status":"closed","ping_status":"closed","sticky":false,"template":"","format":"standard","meta":{"footnotes":""},"categories":[5],"tags":[10],"class_list":["post-149242","post","type-post","status-publish","format-standard","has-post-thumbnail","hentry","category-informe-economico","tag-santa-fe"],"_links":{"self":[{"href":"http:\/\/argentinamunicipal.com.ar\/argentina\/wp-json\/wp\/v2\/posts\/149242","targetHints":{"allow":["GET"]}}],"collection":[{"href":"http:\/\/argentinamunicipal.com.ar\/argentina\/wp-json\/wp\/v2\/posts"}],"about":[{"href":"http:\/\/argentinamunicipal.com.ar\/argentina\/wp-json\/wp\/v2\/types\/post"}],"author":[{"embeddable":true,"href":"http:\/\/argentinamunicipal.com.ar\/argentina\/wp-json\/wp\/v2\/users\/2"}],"replies":[{"embeddable":true,"href":"http:\/\/argentinamunicipal.com.ar\/argentina\/wp-json\/wp\/v2\/comments?post=149242"}],"version-history":[{"count":0,"href":"http:\/\/argentinamunicipal.com.ar\/argentina\/wp-json\/wp\/v2\/posts\/149242\/revisions"}],"wp:featuredmedia":[{"embeddable":true,"href":"http:\/\/argentinamunicipal.com.ar\/argentina\/wp-json\/wp\/v2\/media\/149243"}],"wp:attachment":[{"href":"http:\/\/argentinamunicipal.com.ar\/argentina\/wp-json\/wp\/v2\/media?parent=149242"}],"wp:term":[{"taxonomy":"category","embeddable":true,"href":"http:\/\/argentinamunicipal.com.ar\/argentina\/wp-json\/wp\/v2\/categories?post=149242"},{"taxonomy":"post_tag","embeddable":true,"href":"http:\/\/argentinamunicipal.com.ar\/argentina\/wp-json\/wp\/v2\/tags?post=149242"}],"curies":[{"name":"wp","href":"https:\/\/api.w.org\/{rel}","templated":true}]}}