{"id":149248,"date":"2024-08-14T05:43:22","date_gmt":"2024-08-14T08:43:22","guid":{"rendered":"http:\/\/argentinamunicipal.com.ar\/argentina\/?p=149248"},"modified":"2024-08-13T18:45:42","modified_gmt":"2024-08-13T21:45:42","slug":"en-rio-cuarto-la-demanda-crecio-100-para-los-chicos-la-merienda-es-la-cena","status":"publish","type":"post","link":"http:\/\/argentinamunicipal.com.ar\/argentina\/en-rio-cuarto-la-demanda-crecio-100-para-los-chicos-la-merienda-es-la-cena\/","title":{"rendered":"En R\u00edo Cuarto, la demanda creci\u00f3 100%:\u2008\u00bbPara los chicos, la merienda es la cena\u00bb"},"content":{"rendered":"<p>En los merenderos que hay en distintos barrios, admiten que est\u00e1n desbordados:\u201cLos ni\u00f1os pasan hambre y vienen a estos lugares a llenar sus pancitas\u201d. Tambi\u00e9n los padres se acercan a buscar fideos, polenta y leche<\/p>\n<p>En la ciudad, la demanda social creci\u00f3 un 100 por ciento: \u201cPara los chicos, la merienda es la cena\u201d.<\/p>\n<p>En los merenderos que hay en distintos sectores barriales, admiten que est\u00e1n desbordados. \u201cLos ni\u00f1os pasan hambre y vienen a estos lugares a llenar sus pancitas\u201d, coinciden los responsables de dichos comedores.<\/p>\n<p>Pero no solo los chicos concurren hasta all\u00ed a buscar comida:tambi\u00e9n los padres se acercan para llevar fideos, polenta y leche para sus hijos.<\/p>\n<p>La cruda realidad econ\u00f3mica golpea fuerte en los hogares riocuartenses, sobre todo en los m\u00e1s vulnerables.<\/p>\n<p>Recientemente, la UCA dio a conocer datos estad\u00edsticos sobre la pobreza y la indigencia en R\u00edo Cuarto, en base a la Encuesta Permanente de Hogares: \u201cLa pobreza ya alcanza el 53,5%, mientras que la indigencia alcanz\u00f3 el 13,2%, seg\u00fan public\u00f3 el Observatorio de la Deuda Social\u201d.<\/p>\n<p>Beatriz est\u00e1 a cargo de un merendero ubicado en una zona humilde de la ciudad y afirma que ya tiene el cupo completo de ni\u00f1os.<\/p>\n<p>\u201cLa demanda se nos ha duplicado. Todo el mundo quiere venir. Ac\u00e1 los chicos toman hasta tres tazas de leche y comen mucho pan con mermelada. La merienda es, para ellos, la cena\u201d, manifiesta.<\/p>\n<p>En los merenderos tambi\u00e9n dan apoyo escolar, ludoteca y f\u00fatbol, para contener a los chicos:\u201cMuchos est\u00e1n todo el d\u00eda en la calle y hay que evitar que caigan en la droga\u201d.<\/p>\n<p>En los citados merenderos, tambi\u00e9n van j\u00f3venes del secundario que \u201carrasan con lo que hay en la mesa porque en sus casas pasan hambre\u201d.<\/p>\n<p>Las estad\u00edsticas sobre el tema indican que \u201cel 29,3% de las familias cordobesas expres\u00f3 que, por falta de recursos, algunos de sus integrantes, sinti\u00f3 hambre, pero no ingiri\u00f3 alimentos\u201d.<\/p>\n<p>Mario tambi\u00e9n atiende un merendero en un sector vulnerable de la ciudad: \u201cA nosotros tambi\u00e9n se nos duplic\u00f3 la demanda no solo por la crisis econ\u00f3mica sino tambi\u00e9n por el fr\u00edo extremo\u201d.<\/p>\n<p>En los comedores, se da t\u00e9 y mate cocido y una vez a la semana leche chocolatada, con pan con mermelada, que los ni\u00f1os repiten varias veces antes de ir a sus casas.<\/p>\n<p>Tambi\u00e9n se dan clases de alfabetizaci\u00f3n para quienes a\u00fan no saben leer ni escribir.<\/p>\n<p>Los merenderos ubicados en las zonas perif\u00e9ricas de la ciudad reciben ayuda oficial, religiosa y de diversas organizaciones sociales.<\/p>\n<p>\u201cLa demanda se nos ha duplicado. Todo el mundo quiere venir. Ac\u00e1 los chicos toman hasta tres tazas de leche y comen mucho pan con mermelada. La merienda es, para ellos, la cena\u201d, manifiesta Beatriz.<\/p>\n<p>\u201cLos precios se han disparado y los insumos est\u00e1n cada vez m\u00e1s caros. Pero la gente de R\u00edo Cuarto es muy solidaria y siempre nos da una mano\u201d, coinciden en los distintos merenderos.<\/p>\n<p><strong>Por d\u00eda, hay cien pedidos de frazadas y le\u00f1a<\/strong><br \/>\nPor d\u00eda, se registran cien pedidos de frazadas y le\u00f1a por parte de familias vulnerables de la ciudad, a ra\u00edz de las bajas temperaturas de los \u00faltimos d\u00edas.<\/p>\n<p>El fr\u00edo extremo castiga con dureza a las familias que viven en zonas perif\u00e9ricas y que necesitan frazadas y le\u00f1a para aclimatar sus respectivos hogares.<\/p>\n<p>D\u00edas pasados, se produjeron temperaturas bajo cero que, sumadas al fuerte viento, hicieron que el fr\u00edo fuera m\u00e1s intenso.<\/p>\n<p>En paralelo, est\u00e1 la gente que vive en situaci\u00f3n de calle y que requiere de asistencia durante las noches y las madrugadas.<\/p>\n<p>Los pedidos se incrementan no solo por la crisis econ\u00f3mica, sino tambi\u00e9n por el rigor del clima.<\/p>\n<h6>Fuente: Puntal<\/h6>\n","protected":false},"excerpt":{"rendered":"<p>En los merenderos que hay en distintos barrios, admiten que est\u00e1n desbordados:\u201cLos ni\u00f1os pasan hambre y vienen a estos lugares a llenar sus pancitas\u201d. Tambi\u00e9n los padres se acercan a buscar fideos, polenta y leche<\/p>\n","protected":false},"author":2,"featured_media":149249,"comment_status":"closed","ping_status":"closed","sticky":false,"template":"","format":"standard","meta":{"footnotes":""},"categories":[2],"tags":[3],"class_list":["post-149248","post","type-post","status-publish","format-standard","has-post-thumbnail","hentry","category-informe-municipal","tag-cordoba"],"_links":{"self":[{"href":"http:\/\/argentinamunicipal.com.ar\/argentina\/wp-json\/wp\/v2\/posts\/149248","targetHints":{"allow":["GET"]}}],"collection":[{"href":"http:\/\/argentinamunicipal.com.ar\/argentina\/wp-json\/wp\/v2\/posts"}],"about":[{"href":"http:\/\/argentinamunicipal.com.ar\/argentina\/wp-json\/wp\/v2\/types\/post"}],"author":[{"embeddable":true,"href":"http:\/\/argentinamunicipal.com.ar\/argentina\/wp-json\/wp\/v2\/users\/2"}],"replies":[{"embeddable":true,"href":"http:\/\/argentinamunicipal.com.ar\/argentina\/wp-json\/wp\/v2\/comments?post=149248"}],"version-history":[{"count":0,"href":"http:\/\/argentinamunicipal.com.ar\/argentina\/wp-json\/wp\/v2\/posts\/149248\/revisions"}],"wp:featuredmedia":[{"embeddable":true,"href":"http:\/\/argentinamunicipal.com.ar\/argentina\/wp-json\/wp\/v2\/media\/149249"}],"wp:attachment":[{"href":"http:\/\/argentinamunicipal.com.ar\/argentina\/wp-json\/wp\/v2\/media?parent=149248"}],"wp:term":[{"taxonomy":"category","embeddable":true,"href":"http:\/\/argentinamunicipal.com.ar\/argentina\/wp-json\/wp\/v2\/categories?post=149248"},{"taxonomy":"post_tag","embeddable":true,"href":"http:\/\/argentinamunicipal.com.ar\/argentina\/wp-json\/wp\/v2\/tags?post=149248"}],"curies":[{"name":"wp","href":"https:\/\/api.w.org\/{rel}","templated":true}]}}