{"id":149275,"date":"2024-08-14T06:28:30","date_gmt":"2024-08-14T09:28:30","guid":{"rendered":"http:\/\/argentinamunicipal.com.ar\/argentina\/?p=149275"},"modified":"2024-08-14T06:28:30","modified_gmt":"2024-08-14T09:28:30","slug":"kicillof-se-reunio-con-lula-en-brasil-para-fortalecer-la-cooperacion-economica-y-productiva","status":"publish","type":"post","link":"http:\/\/argentinamunicipal.com.ar\/argentina\/kicillof-se-reunio-con-lula-en-brasil-para-fortalecer-la-cooperacion-economica-y-productiva\/","title":{"rendered":"Kicillof se reuni\u00f3 con Lula en Brasil para \u00abfortalecer la cooperaci\u00f3n econ\u00f3mica y productiva\u00bb"},"content":{"rendered":"<p>El gobernador bonaerense visit\u00f3 al presidente brasile\u00f1o en el Palacio de Planalto de Brasilia. Hasta el momento, el l\u00edder del PT nunca mantuvo un encuentro con Milei.<\/p>\n<p>Seg\u00fan el Relevamiento de Expectativas del Mercado, que realiza el Banco Central entre distintas consultoras, el \u00cdndice de Precios al Consumidor se ubicar\u00eda en torno al 3,9%, que no s\u00f3lo estar\u00eda por debajo del 4,6% de junio, sino tambi\u00e9n ser\u00eda inferior al 4,2% de mayo, el mejor dato desde que Javier Milei asumi\u00f3 el gobierno.<\/p>\n<p>Sin embargo, existen antecedente en sentido contrario. La Direcci\u00f3n de Estad\u00edsticas de la Ciudad de Buenos Aires registr\u00f3 en julio una inflaci\u00f3n del 5,1%, tres d\u00e9cimas m\u00e1s que el mes anterior.<\/p>\n<p>Habr\u00e1 que explicar que el \u00edndice que elabora la Ciudad de Buenos Aires pondera m\u00e1s el \u201cpeso\u201d de los servicios que el Indec, y eso puede generar una diferencia a la hora de ver el resultado a nivel nacional<\/p>\n<p>M\u00e1s all\u00e1 de estos aspectos estad\u00edsticos, el vocero presidencial Manuel Adorni destac\u00f3 este martes que \u201cla inflaci\u00f3n es un tema que, desde lo t\u00e9cnico, est\u00e1 terminado porque hicimos todo lo que hab\u00eda que hacer para solucionarla\u201d.<\/p>\n<p>En su habitual conferencia en Casa Rosada, el funcionario detall\u00f3 que \u201cen la reuni\u00f3n de gabinete el Presidente hizo un repaso de la actualidad econ\u00f3mica, hablamos de empleo, del (proyecto de Ley de) Presupuesto 2025, donde no va a haber contemplados gastos por encima de los recursos que se estimen, y tambi\u00e9n de lo importante del blanqueo de activos\u201d.<\/p>\n<p>\u00abPara nosotros la inflaci\u00f3n es un tema que. desde lo t\u00e9cnico est\u00e1 terminado, porque hicimos todo lo que hab\u00eda que hacer para solucionarla, lo que queda es tiempo para ir viendo esa inflaci\u00f3n derrumbarse\u00bb, dijo el vocero en conferencia de prensa.<\/p>\n<h6>Fuente: Tucum\u00e1n Hoy<\/h6>\n","protected":false},"excerpt":{"rendered":"<p>El gobernador bonaerense visit\u00f3 al presidente brasile\u00f1o en el Palacio de Planalto de Brasilia. Hasta el momento, el l\u00edder del PT nunca mantuvo un encuentro con Milei.<\/p>\n","protected":false},"author":2,"featured_media":149276,"comment_status":"closed","ping_status":"closed","sticky":false,"template":"","format":"standard","meta":{"footnotes":""},"categories":[4],"tags":[12],"class_list":["post-149275","post","type-post","status-publish","format-standard","has-post-thumbnail","hentry","category-informe-politico","tag-buenos-aires"],"_links":{"self":[{"href":"http:\/\/argentinamunicipal.com.ar\/argentina\/wp-json\/wp\/v2\/posts\/149275","targetHints":{"allow":["GET"]}}],"collection":[{"href":"http:\/\/argentinamunicipal.com.ar\/argentina\/wp-json\/wp\/v2\/posts"}],"about":[{"href":"http:\/\/argentinamunicipal.com.ar\/argentina\/wp-json\/wp\/v2\/types\/post"}],"author":[{"embeddable":true,"href":"http:\/\/argentinamunicipal.com.ar\/argentina\/wp-json\/wp\/v2\/users\/2"}],"replies":[{"embeddable":true,"href":"http:\/\/argentinamunicipal.com.ar\/argentina\/wp-json\/wp\/v2\/comments?post=149275"}],"version-history":[{"count":0,"href":"http:\/\/argentinamunicipal.com.ar\/argentina\/wp-json\/wp\/v2\/posts\/149275\/revisions"}],"wp:featuredmedia":[{"embeddable":true,"href":"http:\/\/argentinamunicipal.com.ar\/argentina\/wp-json\/wp\/v2\/media\/149276"}],"wp:attachment":[{"href":"http:\/\/argentinamunicipal.com.ar\/argentina\/wp-json\/wp\/v2\/media?parent=149275"}],"wp:term":[{"taxonomy":"category","embeddable":true,"href":"http:\/\/argentinamunicipal.com.ar\/argentina\/wp-json\/wp\/v2\/categories?post=149275"},{"taxonomy":"post_tag","embeddable":true,"href":"http:\/\/argentinamunicipal.com.ar\/argentina\/wp-json\/wp\/v2\/tags?post=149275"}],"curies":[{"name":"wp","href":"https:\/\/api.w.org\/{rel}","templated":true}]}}