{"id":149331,"date":"2024-08-19T06:35:56","date_gmt":"2024-08-19T09:35:56","guid":{"rendered":"http:\/\/argentinamunicipal.com.ar\/argentina\/?p=149331"},"modified":"2024-08-19T06:35:56","modified_gmt":"2024-08-19T09:35:56","slug":"fuerte-mensaje-de-pullaro-al-gobierno-nacional-a-santa-fe-no-la-pasan-nunca-mas-por-encima","status":"publish","type":"post","link":"http:\/\/argentinamunicipal.com.ar\/argentina\/fuerte-mensaje-de-pullaro-al-gobierno-nacional-a-santa-fe-no-la-pasan-nunca-mas-por-encima\/","title":{"rendered":"Fuerte mensaje de Pullaro al gobierno nacional: \u00abA Santa Fe no la pasan nunca m\u00e1s por encima\u00bb"},"content":{"rendered":"<p>El gobernador particip\u00f3 de la Exposici\u00f3n Rural de San Justo y envi\u00f3 un mensaje al poder central, que acus\u00f3 de porte\u00f1oc\u00e9ntrico<\/p>\n<p>\u201cQueremos que al campo y a la industria les saquen el pie de la cabeza y los dejen producir\u201d, afirm\u00f3 este domingo el gobernador Maximiliano Pullaro al encabezar el acto de apertura de la la 80\u00ba edici\u00f3n de la Exposici\u00f3n Rural de la ciudad de San Justo. Al mismo tiempo sentenci\u00f3: \u201cA Santa Fe no la pasan nunca m\u00e1s por encima\u201d.<\/p>\n<p>Bajo el lema \u201c80 a\u00f1os de evoluci\u00f3n\u201d, la Exposici\u00f3n Rural de la ciudad de San Justo comenz\u00f3 el viernes y se extender\u00e1 hasta este lunes. En esta ocasi\u00f3n, cuenta con 150 expositores, m\u00e1s de 40 patrocinadores, m\u00e1s de 20 caba\u00f1as ganaderas de todas las razas, 250 productores a la venta y 4 remates; exposiciones, charlas y shows. Cuenta adem\u00e1s con el respaldo del gobierno provincial.<\/p>\n<p>Acompa\u00f1aron al gobernador durante la apertura los ministros de Gobierno e Innovaci\u00f3n P\u00fablica, Fabi\u00e1n Bast\u00eda y de Desarrollo Productivo, Gustavo Puccini; el intendente de San Justo, Nicol\u00e1s Cuesta; la presidenta de la C\u00e1mara de Diputados de la provincia, Clara Garc\u00eda; el senador por el departamento San Justo, Rodrigo Borla; el presidente de la Sociedad Rural de San Justo, Mariano Zuqueli; y la presidenta de Carsfe, Sara Gardiol, entre otros.<\/p>\n<p><strong>Mirar al interior productivo<\/strong><br \/>\nDurante su discurso, Pullaro destac\u00f3 que \u201ccomo provincia somos el campo y la industria, el comercio y los puertos. Por eso desde aqu\u00ed, desde San Justo, en este lugar tan emblem\u00e1tico donde hace 80 a\u00f1os se junta el campo, la industria y el comercio para mostrar toda la potencia del interior productivo, queremos decirle al gobierno nacional que la forma en que Argentina va a salir adelante es si logra entender que tiene que mirar mucho m\u00e1s al interior productivo, que tiene que venir y relacionarse con la gente que quiere trabajar\u201d.<\/p>\n<p>En ese sentido, el gobernador destac\u00f3: \u201cQueremos que al campo y a la industria se les saque el pie de la cabeza y los dejen producir. Eso es lo que estamos haciendo desde nuestro lugar como gobierno provincial, con el apoyo permanente a los sectores del trabajo y a los sectores productivos de Santa Fe\u201d para luego remarcar:\u00a0\u201cA Santa Fe no la pasan nunca m\u00e1s por encima. Y cuando los gobiernos nacionales que siguen mirando al Amba y siguen siendo porte\u00f1oc\u00e9ntricos, pretendan meterle la mano en el bolsillo a nuestro sistema productivo, ah\u00ed va a estar el gobierno provincial\u201d.<\/p>\n<p>Por \u00faltimo, Pullaro asegur\u00f3 que \u201cArgentina va a salir adelante si a nuestro campo, a nuestra industria y a nuestro comercio le va bien y si podemos exportar. Por eso siempre vamos a trabajar juntos, vamos a seguir teniendo esta mirada muy fina del sector p\u00fablico y del sector privado, trabajando juntos, coordinando y pensando pol\u00edticas para el desarrollo de nuestro sistema productivo y desde all\u00ed poder mostrar que Santa Fe es la locomotora del cambio, que va a traer el cambio en el orden nacional\u201d.<\/p>\n<p>Por su parte, el presidente de la Sociedad Rural de San Justo, Mariano Zuqueli, afirm\u00f3: \u201cHoy estar festejando los 80 a\u00f1os con el predio repleto, los corrales repletos y con actividades muy lindas, es el resultado de la cosecha que venimos sembrando hace a\u00f1os. Esta exposici\u00f3n es un claro ejemplo de trabajo, esfuerzo y constancia que nos llena el alma y nos da ganas de seguir trabajando y seguir apostando por m\u00e1s\u201d.<\/p>\n<h6>Fuente: La Capital<\/h6>\n","protected":false},"excerpt":{"rendered":"<p>El gobernador particip\u00f3 de la Exposici\u00f3n Rural de San Justo y envi\u00f3 un mensaje al poder central, que acus\u00f3 de porte\u00f1oc\u00e9ntrico<\/p>\n","protected":false},"author":2,"featured_media":149332,"comment_status":"closed","ping_status":"closed","sticky":false,"template":"","format":"standard","meta":{"footnotes":""},"categories":[4],"tags":[10],"class_list":["post-149331","post","type-post","status-publish","format-standard","has-post-thumbnail","hentry","category-informe-politico","tag-santa-fe"],"_links":{"self":[{"href":"http:\/\/argentinamunicipal.com.ar\/argentina\/wp-json\/wp\/v2\/posts\/149331","targetHints":{"allow":["GET"]}}],"collection":[{"href":"http:\/\/argentinamunicipal.com.ar\/argentina\/wp-json\/wp\/v2\/posts"}],"about":[{"href":"http:\/\/argentinamunicipal.com.ar\/argentina\/wp-json\/wp\/v2\/types\/post"}],"author":[{"embeddable":true,"href":"http:\/\/argentinamunicipal.com.ar\/argentina\/wp-json\/wp\/v2\/users\/2"}],"replies":[{"embeddable":true,"href":"http:\/\/argentinamunicipal.com.ar\/argentina\/wp-json\/wp\/v2\/comments?post=149331"}],"version-history":[{"count":0,"href":"http:\/\/argentinamunicipal.com.ar\/argentina\/wp-json\/wp\/v2\/posts\/149331\/revisions"}],"wp:featuredmedia":[{"embeddable":true,"href":"http:\/\/argentinamunicipal.com.ar\/argentina\/wp-json\/wp\/v2\/media\/149332"}],"wp:attachment":[{"href":"http:\/\/argentinamunicipal.com.ar\/argentina\/wp-json\/wp\/v2\/media?parent=149331"}],"wp:term":[{"taxonomy":"category","embeddable":true,"href":"http:\/\/argentinamunicipal.com.ar\/argentina\/wp-json\/wp\/v2\/categories?post=149331"},{"taxonomy":"post_tag","embeddable":true,"href":"http:\/\/argentinamunicipal.com.ar\/argentina\/wp-json\/wp\/v2\/tags?post=149331"}],"curies":[{"name":"wp","href":"https:\/\/api.w.org\/{rel}","templated":true}]}}