{"id":149352,"date":"2024-08-20T05:40:01","date_gmt":"2024-08-20T08:40:01","guid":{"rendered":"http:\/\/argentinamunicipal.com.ar\/argentina\/?p=149352"},"modified":"2024-08-19T19:12:08","modified_gmt":"2024-08-19T22:12:08","slug":"la-municipalidad-de-santa-fe-admite-que-el-45-de-la-ciudad-esta-a-oscuras-y-pretende-tercerizar-la-reparacion-luminica","status":"publish","type":"post","link":"http:\/\/argentinamunicipal.com.ar\/argentina\/la-municipalidad-de-santa-fe-admite-que-el-45-de-la-ciudad-esta-a-oscuras-y-pretende-tercerizar-la-reparacion-luminica\/","title":{"rendered":"La Municipalidad de Santa Fe admite que el 45% de la ciudad est\u00e1 \u201ca oscuras\u201d y pretende tercerizar la reparaci\u00f3n lum\u00ednica"},"content":{"rendered":"<p>El intendente Poletti lo considera una situaci\u00f3n \u201cpreocupante\u201d, por lo que le pide al Concejo que le permita contratar a terceros para que reparen y mantengan la iluminaci\u00f3n en todos los barrios, parques y paseos de la ciudad. El v\u00ednculo contractual ser\u00eda por unos 5 a\u00f1os. M\u00e1s de 10 mil reclamos de vecinos esperan respuesta.<\/p>\n<p>El intendente de Santa Fe, Juan Pablo Poletti, ingres\u00f3 este lunes al Concejo Municipal un Mensaje (N\u00b023) que contiene un proyecto de Resoluci\u00f3n solicitando la aprobaci\u00f3n de los pliegos de bases y condiciones y de especificaciones t\u00e9cnicas para contratar, mediante el procedimiento de licitaci\u00f3n p\u00fablica, las tareas de refuncionalizaci\u00f3n y mantenimiento de la red de alumbrado p\u00fablico de la ciudad, esto es la tercearizaci\u00f3n del servicio.<\/p>\n<p>El servicio comprende la atenci\u00f3n de la totalidad del parque lum\u00ednico de la ciudad de Santa Fe, incluyendo el mantenimiento de aproximadamente de 35.280 luminarias y su infraestructura. Esto significa que la contrataci\u00f3n que se pretende llevar a cabo contempla la reposici\u00f3n, reacondicionamiento y mantenimiento de luminarias, cableado, columnas, contactores, tableros, l\u00edneas de tendido a\u00e9reo, en todos los barrios de la ciudad, \u201ccon excepci\u00f3n de los ubicados al este de la Laguna Set\u00fabal\u201d, aclara el extenso texto de 86 p\u00e1ginas al que pudo acceder El Litoral.<\/p>\n<p><strong>A reparar<\/strong><br \/>\n\u201cM\u00e1s de 10.000 reclamos de vecinos -canalizados a trav\u00e9s de la l\u00ednea de atenci\u00f3n ciudadana- y el relevamiento llevado a cabo por personal t\u00e9cnico municipal, dan cuenta que un 45% del parque lum\u00ednico posee deficiencias de mantenimiento, se encuentra da\u00f1ado o fuera de servicio\u201d, reconoce el municipio en sus argumentos.<\/p>\n<p>\u201cConocedores de este preocupante cuadro de situaci\u00f3n, desde el inicio de la gesti\u00f3n se ha implementado, un esquema gradual de adquisici\u00f3n de artefactos lum\u00ednicos con el objetivo de restablecer el correcto funcionamiento de la red de alumbrado p\u00fablico, en base al plan trazado por la Direcci\u00f3n de Alumbrado P\u00fablico y Electromec\u00e1nica\u201d, menciona el Mensaje. \u201cNo obstante los esfuerzos desplegados, resulta materialmente imposible, con los recursos humanos disponibles, llevar adelante por administraci\u00f3n la completa refuncionalizaci\u00f3n y reparaci\u00f3n integral de la red de alumbrado p\u00fablico de la ciudad\u201d, admite luego.<\/p>\n<p>Ante ello, es que se propone encarar la contrataci\u00f3n con terceros dichas tareas de \u201cpuesta a cero del parque lum\u00ednico y posterior mantenimiento del mismo, complementando la operatividad de las cuadrillas municipales, mejorando los tiempos de respuesta ante fallos y reduciendo los tiempos de inactividad del servicio de alumbrado\u201d, explica el Mensaje que ya est\u00e1 en el despacho de la presidenta del Concejo, Adriana Molina.<\/p>\n<p>El proyecto se\u00f1ala que la empresa que se ofrezca a realizar este servicio para iluminar la ciudad deber\u00e1 presentar un plan de trabajo inicial en el que se comprometa a reparar los artefactos y partes del sistema de la ciudad da\u00f1ado en 180 d\u00edas. Se trata de una \u201cprogramaci\u00f3n y diagramaci\u00f3n, en forma detallada y cronograma de los trabajos a ejecutarse para la fase de mantenimiento inicial preventivo y correctivo de las instalaciones (&#8230;), con indicaci\u00f3n precisa de la cantidad y competencia del personal afectado, as\u00ed como la cantidad y calidad de maquinaria a afectar\u201d.<\/p>\n<p>Tambi\u00e9n le impone a los oferentes que presenten detalles de cantidad de personal, maquinarias y veh\u00edculos especializados para dichas tareas, los que deben cumplimentar ciertos requisitos; como tambi\u00e9n los planes de trabajos y la inversi\u00f3n.<\/p>\n<p><strong>Inseguridad<\/strong><br \/>\nM\u00e1s adelante, el texto advierte que \u201cla responsabilidad de garantizar el buen funcionamiento del alumbrado p\u00fablico\u201d le corresponde a la Municipalidad. Y dice que \u201cconstituye una funci\u00f3n esencial que debe ser provista con eficiencia, en correspondencia con la Tasa General de Inmuebles abonada por los vecinos\u201d. Y agrega que \u201csi bien la prevenci\u00f3n del delito no es una competencia directa del Municipio, las mejoras en el sistema de alumbrado p\u00fablico crean condiciones que disuaden su comisi\u00f3n. En respaldo de esta afirmaci\u00f3n, el Observatorio de Seguridad P\u00fablica de la Provincia de Santa Fe, en su informe de 2023 sobre personas heridas por armas de fuego y otras violencias lesivas, se\u00f1ala que m\u00e1s del 70% de los homicidios ocurren en horarios nocturnos, entre las 18 y las 6 horas. Una ciudad mejor iluminada, sin dudas ser\u00e1 una ciudad m\u00e1s segura\u201d.<\/p>\n<p>Ese punto es uno de los que m\u00e1s se discuti\u00f3 la semana pasada durante la reuni\u00f3n del Consejo de Seguridad de la ciudad, llevada a cabo en la Intendencia. En dicha oportunidad, los representantes de las vecinales de la ciudad tuvieron la oportunidad de reclamarle al Municipio que repare la iluminaci\u00f3n en los barrios, sobre todo en aquellos puntos m\u00e1s peligrosos por la inseguridad.<\/p>\n<p><strong>Como en Rosario<\/strong><br \/>\nPor \u00faltimo, el Municipio explic\u00f3 que el esquema de contrataci\u00f3n propuesto es el resultado del estudio de modelos de mantenimiento de alumbrado p\u00fablico implementados en otras jurisdicciones del pa\u00eds como Rosario, Ciudad Aut\u00f3noma de Buenos Aires, Vicente L\u00f3pez y San Isidro, entre otras.<\/p>\n<p>Este martes por la ma\u00f1ana est\u00e1 prevista la realizaci\u00f3n de una conferencia de prensa en la que las autoridades municipales piensan brindar algunos detalles del proyecto, de acuerdo a lo anticipado por el \u00f3rgano de prensa. Dicho encuentro con la prensa hab\u00eda sido pautado para el lunes pero luego fue postergado para este martes.<\/p>\n<h6>Fuente: El Litoral<\/h6>\n","protected":false},"excerpt":{"rendered":"<p>El intendente Poletti lo considera una situaci\u00f3n \u201cpreocupante\u201d, por lo que le pide al Concejo que le permita contratar a terceros para que reparen y mantengan la iluminaci\u00f3n en todos los barrios, parques y paseos de la ciudad.<\/p>\n","protected":false},"author":2,"featured_media":149353,"comment_status":"closed","ping_status":"closed","sticky":false,"template":"","format":"standard","meta":{"footnotes":""},"categories":[2],"tags":[10],"class_list":["post-149352","post","type-post","status-publish","format-standard","has-post-thumbnail","hentry","category-informe-municipal","tag-santa-fe"],"_links":{"self":[{"href":"http:\/\/argentinamunicipal.com.ar\/argentina\/wp-json\/wp\/v2\/posts\/149352","targetHints":{"allow":["GET"]}}],"collection":[{"href":"http:\/\/argentinamunicipal.com.ar\/argentina\/wp-json\/wp\/v2\/posts"}],"about":[{"href":"http:\/\/argentinamunicipal.com.ar\/argentina\/wp-json\/wp\/v2\/types\/post"}],"author":[{"embeddable":true,"href":"http:\/\/argentinamunicipal.com.ar\/argentina\/wp-json\/wp\/v2\/users\/2"}],"replies":[{"embeddable":true,"href":"http:\/\/argentinamunicipal.com.ar\/argentina\/wp-json\/wp\/v2\/comments?post=149352"}],"version-history":[{"count":0,"href":"http:\/\/argentinamunicipal.com.ar\/argentina\/wp-json\/wp\/v2\/posts\/149352\/revisions"}],"wp:featuredmedia":[{"embeddable":true,"href":"http:\/\/argentinamunicipal.com.ar\/argentina\/wp-json\/wp\/v2\/media\/149353"}],"wp:attachment":[{"href":"http:\/\/argentinamunicipal.com.ar\/argentina\/wp-json\/wp\/v2\/media?parent=149352"}],"wp:term":[{"taxonomy":"category","embeddable":true,"href":"http:\/\/argentinamunicipal.com.ar\/argentina\/wp-json\/wp\/v2\/categories?post=149352"},{"taxonomy":"post_tag","embeddable":true,"href":"http:\/\/argentinamunicipal.com.ar\/argentina\/wp-json\/wp\/v2\/tags?post=149352"}],"curies":[{"name":"wp","href":"https:\/\/api.w.org\/{rel}","templated":true}]}}