{"id":149383,"date":"2024-08-21T05:08:06","date_gmt":"2024-08-21T08:08:06","guid":{"rendered":"http:\/\/argentinamunicipal.com.ar\/argentina\/?p=149383"},"modified":"2024-08-20T06:10:48","modified_gmt":"2024-08-20T09:10:48","slug":"crece-la-pobreza-en-el-gran-cordoba-98-mil-personas-cayeron-de-la-clase-media-en-un-ano","status":"publish","type":"post","link":"http:\/\/argentinamunicipal.com.ar\/argentina\/crece-la-pobreza-en-el-gran-cordoba-98-mil-personas-cayeron-de-la-clase-media-en-un-ano\/","title":{"rendered":"Crece la pobreza en el Gran C\u00f3rdoba: 98 mil personas cayeron de la clase media en un a\u00f1o"},"content":{"rendered":"<p>Un informe elaborado por Idesa, a partir de los microdatos de la Encuesta Permanente de Hogares (EPH), publicados por el Indec, revel\u00f3 que en el primer trimestre de 2024 la clase baja creci\u00f3 hasta englobar al 50,5% de la poblaci\u00f3n cordobesa.<\/p>\n<p>Un informe elaborado por el Instituto para el Desarrollo Social Argentino (Idesa), a partir de los microdatos de la Encuesta Permanente de Hogares (EPH), publicados por el Instituto Nacional de Estad\u00edsticas y Censos (Indec), revel\u00f3 que en el primer trimestre de 2024 la clase baja creci\u00f3 hasta englobar al 50,5% de la poblaci\u00f3n cordobesa que no logra cubrir la Canasta B\u00e1sica Total.<\/p>\n<p>Asimismo, el estudio de Idesa, realizado por solicitud del diario La Voz del Interior, que los revel\u00f3 p\u00fablicamente, da cuenta de que la clase media s\u00f3lo est\u00e1 compuesta por el 37,5% de la poblaci\u00f3n cordobesa; lo que evidencia que en un a\u00f1o unas 98 mil personas dejaron ese segmento social y cayeron en la pobreza.<\/p>\n<p>Los datos relevados para el citado estudio corresponden a los primeros meses de 2024 en el Gran C\u00f3rdoba, donde residen 1,5 millones de personas. Seg\u00fan se detall\u00f3, Idesa cruz\u00f3 estos datos poblacionales con valores de canasta b\u00e1sica del Indec.<\/p>\n<p>El 50,5% de pobreza relevado representa el valor m\u00e1s alto desde 2016. \u201cPor entonces, el Indec realiz\u00f3 un ajuste en la EPH con el fin de reducir la subdeclaraci\u00f3n de ingresos que tiene. Eso mejor\u00f3 bastante la calidad de los datos. Por eso hacemos arrancar la serie ese a\u00f1o\u201d, precis\u00f3 al citado medio Patricio Canalis, economista senior de Idesa, que realiz\u00f3 el cruce de n\u00fameros.<\/p>\n<p>El n\u00famero de pobreza en el Gran C\u00f3rdoba coincide con el tambi\u00e9n estimado hace d\u00edas por el Observatorio de la Deuda Social Argentina de la Universidad Cat\u00f3lica Argentina (Odsa-UCA).<\/p>\n<p>La pir\u00e1mide social cordobesa, construida a partir de los datos revelados por Idesa, que en un 50,5% es ocupada por la llamada \u201cclase baja\u201d; ubica en el v\u00e9rtice a la\u00a0poblaci\u00f3n de mayor nivel de ingresos, que cobra m\u00e1s de $3.722.000 mensuales y s\u00f3lo alcanza al 2% de los habitantes.<\/p>\n<p>Inmediatamente por debajo se ubica el 37,5% de la poblaci\u00f3n, correspondiente a la\u00a0clase media, cuyos ingresos se ubican entre $1.163.000 y $3.772.000.<\/p>\n<p>La\u00a0clase media baja, en tanto, que refiere a los grupos familiares que perciben hasta $1.163.000 por mes, representa el 10% de la sociedad cordobesa.<\/p>\n<p>Seg\u00fan se revel\u00f3 medi\u00e1ticamente, frente a la fuerte erosi\u00f3n de ingresos, el 45% de los hogares del Gran C\u00f3rdoba asegur\u00f3 haber tenido que gastar parte de ellos para llegar a fin de mes.<\/p>\n<p>En t\u00e9rminos interanuales, tambi\u00e9n se menciona que\u00a0la clase media pas\u00f3 de equivaler casi a la mitad de la sociedad en el primer trimestre de 2023 (49%) a reducirse al citado 37,5% en igual lapso de este a\u00f1o; lo que implica que 98 mil personas perdieron calidad de vida\u00a0y dejaron la clase media para ubicarse en los escalones m\u00e1s bajos de la pir\u00e1mide.<\/p>\n<p>\u201cA eso se sum\u00f3 un\u00a0rebrote inflacionario, asociado a la correcci\u00f3n de muchos precios relativos que se encontraban desajustados (combustibles, prepagas, alimentos, entre otros)\u201d, enumera el economista Patricio Canalis.<\/p>\n<p>\u201cComo resultado, los hogares cordobeses perdieron un 19% de poder adquisitivo en un a\u00f1o. La principal explicaci\u00f3n est\u00e1 en el aumento de la canasta b\u00e1sica (los precios de los alimentos en particular se encontraban controlados hasta 2023), en conjunto con un alto grado de informalidad en el mercado laboral. La fuente de ingresos primaria de muchos hogares se vio reducida en t\u00e9rminos reales, haciendo que no pudiesen llegar a fin de mes de la misma forma en que lo ven\u00edan haciendo\u201d, analiza Canalis, consultado por el citado medio.<\/p>\n<h6>Fuente: la Nueva ma\u00f1ana<\/h6>\n","protected":false},"excerpt":{"rendered":"<p>Un informe elaborado por Idesa, a partir de los microdatos de la Encuesta Permanente de Hogares (EPH), publicados por el Indec, revel\u00f3 que en el primer trimestre de 2024 la clase baja creci\u00f3 hasta englobar al 50,5% de la poblaci\u00f3n cordobesa.<\/p>\n","protected":false},"author":2,"featured_media":149384,"comment_status":"closed","ping_status":"closed","sticky":false,"template":"","format":"standard","meta":{"footnotes":""},"categories":[2],"tags":[3],"class_list":["post-149383","post","type-post","status-publish","format-standard","has-post-thumbnail","hentry","category-informe-municipal","tag-cordoba"],"_links":{"self":[{"href":"http:\/\/argentinamunicipal.com.ar\/argentina\/wp-json\/wp\/v2\/posts\/149383","targetHints":{"allow":["GET"]}}],"collection":[{"href":"http:\/\/argentinamunicipal.com.ar\/argentina\/wp-json\/wp\/v2\/posts"}],"about":[{"href":"http:\/\/argentinamunicipal.com.ar\/argentina\/wp-json\/wp\/v2\/types\/post"}],"author":[{"embeddable":true,"href":"http:\/\/argentinamunicipal.com.ar\/argentina\/wp-json\/wp\/v2\/users\/2"}],"replies":[{"embeddable":true,"href":"http:\/\/argentinamunicipal.com.ar\/argentina\/wp-json\/wp\/v2\/comments?post=149383"}],"version-history":[{"count":0,"href":"http:\/\/argentinamunicipal.com.ar\/argentina\/wp-json\/wp\/v2\/posts\/149383\/revisions"}],"wp:featuredmedia":[{"embeddable":true,"href":"http:\/\/argentinamunicipal.com.ar\/argentina\/wp-json\/wp\/v2\/media\/149384"}],"wp:attachment":[{"href":"http:\/\/argentinamunicipal.com.ar\/argentina\/wp-json\/wp\/v2\/media?parent=149383"}],"wp:term":[{"taxonomy":"category","embeddable":true,"href":"http:\/\/argentinamunicipal.com.ar\/argentina\/wp-json\/wp\/v2\/categories?post=149383"},{"taxonomy":"post_tag","embeddable":true,"href":"http:\/\/argentinamunicipal.com.ar\/argentina\/wp-json\/wp\/v2\/tags?post=149383"}],"curies":[{"name":"wp","href":"https:\/\/api.w.org\/{rel}","templated":true}]}}