{"id":149389,"date":"2024-08-21T06:07:25","date_gmt":"2024-08-21T09:07:25","guid":{"rendered":"http:\/\/argentinamunicipal.com.ar\/argentina\/?p=149389"},"modified":"2024-08-21T06:07:25","modified_gmt":"2024-08-21T09:07:25","slug":"banderazo-de-municipales-jujenos-despidos-y-mejoras-salariales-entre-los-reclamos","status":"publish","type":"post","link":"http:\/\/argentinamunicipal.com.ar\/argentina\/banderazo-de-municipales-jujenos-despidos-y-mejoras-salariales-entre-los-reclamos\/","title":{"rendered":"\u00abBanderazo\u00bb de municipales juje\u00f1os: despidos y mejoras salariales, entre los reclamos"},"content":{"rendered":"<p>Previo a iniciar el encuentro paritario con funcionarios provinciales, trabajadores nucleados en SEOM concretaron una protesta a las afueras de Casa de Gobierno. Pedido de reincorporaci\u00f3n a m\u00e1s de 100 cesanteados en municipios del interior, urgente recomposici\u00f3n salarial y un alto a tasas e impuestos que golpean a los bolsillos, fueron los motivos de la manifestaci\u00f3n.<\/p>\n<p>En la \u00faltima jornada,\u00a0el gobierno retom\u00f3 las negociaciones salariales con distintos gremios y les hizo una oferta de aumento del 10% m\u00e1s una suma fija.<\/p>\n<p>La propuesta gener\u00f3\u00a0rechazo en el arco sindical, que la considera insuficiente.<\/p>\n<p>Este martes continuaron las paritarias y uno de los convocados era el Sindicato de Empleados y Obreros Municipales (SEOM).<\/p>\n<p>Previo al encuentro con funcionarios,\u00a0hubo un \u201cbanderazo\u201d a las afueras de Casa de Gobierno para exponer su malestar con la situaci\u00f3n y los pedidos que tiene el sector.<\/p>\n<p>Sebasti\u00e1n L\u00f3pez, secretario general, expuso al respecto: \u201cHay despedidos en El Talar, Monterrico, Fraile Pintado, Santa Clara y Uquia que es terrible la situaci\u00f3n, adem\u00e1s de Volc\u00e1n y La Quiaca. Hay alrededor de 100 despedidos en toda la provincia y es uno de los temas que queremos tratar, el otro es la violencia laboral que sigue sin resolverse\u201d.<\/p>\n<p>\u201cPor su puesto tambi\u00e9n la paritaria que sabemos que van a ofrecer un 10% pero no sabemos si es en blanco, negro, bono o de que se trata y ahora nos vamos a enterar pero quer\u00edamos hacer este banderazo para bancar a los compa\u00f1eros porque queremos una soluci\u00f3n a la problem\u00e1tica municipal\u201d.<\/p>\n<p>Los compa\u00f1eros fueron claros con nosotros, si hoy no tenemos respuesta y soluci\u00f3n a los despedidos, van a empezar a protestar en la puerta de cada municipio.<\/p>\n<h6>Fuente: jujuyalmomento<\/h6>\n","protected":false},"excerpt":{"rendered":"<p>Previo a iniciar el encuentro paritario con funcionarios provinciales, trabajadores nucleados en SEOM concretaron una protesta a las afueras de Casa de Gobierno.<\/p>\n","protected":false},"author":2,"featured_media":149390,"comment_status":"closed","ping_status":"closed","sticky":false,"template":"","format":"standard","meta":{"footnotes":""},"categories":[7],"tags":[25],"class_list":["post-149389","post","type-post","status-publish","format-standard","has-post-thumbnail","hentry","category-informe-sindical","tag-jujuy"],"_links":{"self":[{"href":"http:\/\/argentinamunicipal.com.ar\/argentina\/wp-json\/wp\/v2\/posts\/149389","targetHints":{"allow":["GET"]}}],"collection":[{"href":"http:\/\/argentinamunicipal.com.ar\/argentina\/wp-json\/wp\/v2\/posts"}],"about":[{"href":"http:\/\/argentinamunicipal.com.ar\/argentina\/wp-json\/wp\/v2\/types\/post"}],"author":[{"embeddable":true,"href":"http:\/\/argentinamunicipal.com.ar\/argentina\/wp-json\/wp\/v2\/users\/2"}],"replies":[{"embeddable":true,"href":"http:\/\/argentinamunicipal.com.ar\/argentina\/wp-json\/wp\/v2\/comments?post=149389"}],"version-history":[{"count":0,"href":"http:\/\/argentinamunicipal.com.ar\/argentina\/wp-json\/wp\/v2\/posts\/149389\/revisions"}],"wp:featuredmedia":[{"embeddable":true,"href":"http:\/\/argentinamunicipal.com.ar\/argentina\/wp-json\/wp\/v2\/media\/149390"}],"wp:attachment":[{"href":"http:\/\/argentinamunicipal.com.ar\/argentina\/wp-json\/wp\/v2\/media?parent=149389"}],"wp:term":[{"taxonomy":"category","embeddable":true,"href":"http:\/\/argentinamunicipal.com.ar\/argentina\/wp-json\/wp\/v2\/categories?post=149389"},{"taxonomy":"post_tag","embeddable":true,"href":"http:\/\/argentinamunicipal.com.ar\/argentina\/wp-json\/wp\/v2\/tags?post=149389"}],"curies":[{"name":"wp","href":"https:\/\/api.w.org\/{rel}","templated":true}]}}