{"id":149401,"date":"2024-08-21T06:26:54","date_gmt":"2024-08-21T09:26:54","guid":{"rendered":"http:\/\/argentinamunicipal.com.ar\/argentina\/?p=149401"},"modified":"2024-08-21T06:26:54","modified_gmt":"2024-08-21T09:26:54","slug":"llega-la-fiesta-nacional-del-montanes-a-san-martin-de-los-andes","status":"publish","type":"post","link":"http:\/\/argentinamunicipal.com.ar\/argentina\/llega-la-fiesta-nacional-del-montanes-a-san-martin-de-los-andes\/","title":{"rendered":"Llega la Fiesta Nacional del Monta\u00f1\u00e9s a San Mart\u00edn de los Andes"},"content":{"rendered":"<p>Residentes y turistas podr\u00e1n disfrutar del tradicional concurso de hacheros, del desfile del monta\u00f1\u00e9s y del gran sorteo de una camioneta Toyota Hilux 4\u00d74.<\/p>\n<p>San Mart\u00edn de los Andes celebrar\u00e1 el domingo 25 de agosto la 43\u00b0 edici\u00f3n de la Fiesta Nacional del Monta\u00f1\u00e9s. La celebraci\u00f3n representa una parte de la identidad cultural de la ciudad, en la que se conjugan ra\u00edces vinculadas a la industria maderera con el presente potenciado con la actividad tur\u00edstica. Residentes y turistas podr\u00e1n participar del concurso de hacheros, del desfile del monta\u00f1\u00e9s y del gran sorteo de una camioneta Toyota Hilux 4\u00d74.<\/p>\n<p>El cronograma de actividades de la jornada es el siguiente: a las 13 se llevar\u00e1 a cabo el concurso de hacheros, hacheras, hacheritos, motosierristas y sierra corvina.<\/p>\n<p>M\u00e1s de 60 competidores participar\u00e1n en las cinco categor\u00edas que propone este tradicional concurso, con participantes de la ciudad anfitriona, El Bols\u00f3n, Paraje El Manso, Bariloche, Villa la Angostura y El Choc\u00f3n.<\/p>\n<p>Antes de la premiaci\u00f3n, el p\u00fablico podr\u00e1 disfrutar de las cl\u00e1sicas tortas fritas y del chocolate caliente elaborado por el Regimiento de Caballer\u00eda y Exploraci\u00f3n de Monta\u00f1a 4.<\/p>\n<p>La organizaci\u00f3n del certamen contar\u00e1 nuevamente con el acompa\u00f1amiento del Hospital Ram\u00f3n Carrillo, con su Estaci\u00f3n de Promoci\u00f3n de la Salud, y la Asociaci\u00f3n de Bomberos Voluntarios, que estar\u00e1 presente con su m\u00f3vil de rescate. A estas entidades se sumar\u00e1 en esta oportunidad el personal de Protecci\u00f3n Civil.<\/p>\n<p>Desde las 18 se realizar\u00e1 el desfile del monta\u00f1\u00e9s. Como en las viejas \u00e9pocas, instituciones y asociaciones de la localidad relacionadas con deportes y actividades de monta\u00f1a, desfilar\u00e1n por la avenida principal, a partir de la calle Elordi hasta Mariano Moreno.<\/p>\n<p>Por \u00faltimo, a las 19.30 se llevar\u00e1 a cabo el Gran sorteo de la camioneta Toyota Hilux 4\u00d74. Lo recaudado se destinar\u00e1 a financiar los costos de la Fiesta Nacional del Monta\u00f1\u00e9s y equipar al Teatro San Jos\u00e9.<\/p>\n<p>Esta fiesta popular est\u00e1 organizada por la secretar\u00eda de Cultura de San Mart\u00edn de los Andes y cuenta con el apoyo del gobierno de la Provincia del Neuqu\u00e9n, la Legislatura del Neuqu\u00e9n a trav\u00e9s del Complejo Casa de las Leyes, el IJAN, el Regimiento de Caballer\u00eda de Monta\u00f1a 4, el Sindicato de Obreros y Empleados de la Industria Maderera del Neuqu\u00e9n, Estancia Quechuquina, Corfone, Nippon Car, Stihl, OyZ Forestal, el Club Lacar y el grupo scout Nieves del Pehu\u00e9n.<\/p>\n<h6>Fuente: neuqueninforma.gob.ar<\/h6>\n<p>&nbsp;<\/p>\n<p>&nbsp;<\/p>\n","protected":false},"excerpt":{"rendered":"<p>Residentes y turistas podr\u00e1n disfrutar del tradicional concurso de hacheros, del desfile del monta\u00f1\u00e9s y del gran sorteo de una camioneta Toyota Hilux 4\u00d74.<\/p>\n","protected":false},"author":2,"featured_media":149402,"comment_status":"closed","ping_status":"closed","sticky":false,"template":"","format":"standard","meta":{"footnotes":""},"categories":[47],"tags":[23],"class_list":["post-149401","post","type-post","status-publish","format-standard","has-post-thumbnail","hentry","category-fiestas","tag-neuquen"],"_links":{"self":[{"href":"http:\/\/argentinamunicipal.com.ar\/argentina\/wp-json\/wp\/v2\/posts\/149401","targetHints":{"allow":["GET"]}}],"collection":[{"href":"http:\/\/argentinamunicipal.com.ar\/argentina\/wp-json\/wp\/v2\/posts"}],"about":[{"href":"http:\/\/argentinamunicipal.com.ar\/argentina\/wp-json\/wp\/v2\/types\/post"}],"author":[{"embeddable":true,"href":"http:\/\/argentinamunicipal.com.ar\/argentina\/wp-json\/wp\/v2\/users\/2"}],"replies":[{"embeddable":true,"href":"http:\/\/argentinamunicipal.com.ar\/argentina\/wp-json\/wp\/v2\/comments?post=149401"}],"version-history":[{"count":0,"href":"http:\/\/argentinamunicipal.com.ar\/argentina\/wp-json\/wp\/v2\/posts\/149401\/revisions"}],"wp:featuredmedia":[{"embeddable":true,"href":"http:\/\/argentinamunicipal.com.ar\/argentina\/wp-json\/wp\/v2\/media\/149402"}],"wp:attachment":[{"href":"http:\/\/argentinamunicipal.com.ar\/argentina\/wp-json\/wp\/v2\/media?parent=149401"}],"wp:term":[{"taxonomy":"category","embeddable":true,"href":"http:\/\/argentinamunicipal.com.ar\/argentina\/wp-json\/wp\/v2\/categories?post=149401"},{"taxonomy":"post_tag","embeddable":true,"href":"http:\/\/argentinamunicipal.com.ar\/argentina\/wp-json\/wp\/v2\/tags?post=149401"}],"curies":[{"name":"wp","href":"https:\/\/api.w.org\/{rel}","templated":true}]}}