{"id":149407,"date":"2024-08-21T06:34:03","date_gmt":"2024-08-21T09:34:03","guid":{"rendered":"http:\/\/argentinamunicipal.com.ar\/argentina\/?p=149407"},"modified":"2024-08-21T06:34:03","modified_gmt":"2024-08-21T09:34:03","slug":"el-proyecto-relevar-de-reinsercion-laboral-para-familias-permito-reinsertar-ocho-familias-en-concordia","status":"publish","type":"post","link":"http:\/\/argentinamunicipal.com.ar\/argentina\/el-proyecto-relevar-de-reinsercion-laboral-para-familias-permito-reinsertar-ocho-familias-en-concordia\/","title":{"rendered":"El Proyecto Relevar de reinserci\u00f3n laboral para familias permit\u00f3 reinsertar ocho familias en Concordia \u00a0"},"content":{"rendered":"<p>La Municipalidad de Concordia, en un trabajo entre la Secretar\u00eda de Desarrollo Humano y la Secretar\u00eda de Desarrollo Productivo, a partir de las pol\u00edticas p\u00fablicas que se llevan adelante a trav\u00e9s del Proyecto Relevar, logr\u00f3 la reinserci\u00f3n laboral de ocho familias del barrio Llamarada. Desde la Subsecretar\u00eda de Desarrollo y Emprendedurismo se realizaron las acciones para su incorporaci\u00f3n a la planta de reciclado de Campo El Abasto.<\/p>\n<p>Mediante el citado programa que se viene ejecutando en distintos barrios, con la participaci\u00f3n de diferentes \u00e1reas de la Municipalidad y con la presencia de operadores territoriales, se detect\u00f3 la situaci\u00f3n de dichas familias por lo que junto a la Subsecretar\u00eda de Desarrollo y Emprendedurismo, se realizaron las acciones correspondientes para que se incorporen a la planta de reciclado de Campo El Abasto.<\/p>\n<p>\u00abCon gran compromiso, estas familias asumieron metas para mejorar su calidad de vida, de sus hogares y todo su entorno. Hoy celebramos su primer d\u00eda de trabajo, un logro que nos llena de satisfacci\u00f3n y que se alcanz\u00f3 gracias a un trabajo conjunto entre las diversas \u00e1reas municipales que intervienen en el Relevar\u00bb destac\u00f3 el secretario de Desarrollo Humano, Sebasti\u00e1n Ar\u00edstide, quien a\u00f1adi\u00f3 que se seguir\u00e1 acompa\u00f1ando a dichas familias en este proceso.<\/p>\n<p>Por\u00a0 \u00faltimo Ar\u00edstide remarc\u00f3 que \u00abeste es un paso hacia el objetivo que nos ha encomendado el intendente Francisco Azcu\u00e9 que es el de generar mayores oportunidades para que las familias de Concordia puedan crecer y desarrollarse. Agradecemos el buen recibimiento por parte de sus compa\u00f1eros de trabajo y nos comprometemos a seguir trabajando juntos\u00bb.<\/p>\n<h6>Fuente: APFDigital<\/h6>\n","protected":false},"excerpt":{"rendered":"<p>Mediante el programa que se viene ejecutando en distintos barrios, se detect\u00f3 la situaci\u00f3n de dichas familias, se realizaron las acciones correspondientes para que se incorporen a la planta de reciclado de Campo El Abasto.<\/p>\n","protected":false},"author":2,"featured_media":149408,"comment_status":"closed","ping_status":"closed","sticky":false,"template":"","format":"standard","meta":{"footnotes":""},"categories":[2],"tags":[17],"class_list":["post-149407","post","type-post","status-publish","format-standard","has-post-thumbnail","hentry","category-informe-municipal","tag-entre-rios"],"_links":{"self":[{"href":"http:\/\/argentinamunicipal.com.ar\/argentina\/wp-json\/wp\/v2\/posts\/149407","targetHints":{"allow":["GET"]}}],"collection":[{"href":"http:\/\/argentinamunicipal.com.ar\/argentina\/wp-json\/wp\/v2\/posts"}],"about":[{"href":"http:\/\/argentinamunicipal.com.ar\/argentina\/wp-json\/wp\/v2\/types\/post"}],"author":[{"embeddable":true,"href":"http:\/\/argentinamunicipal.com.ar\/argentina\/wp-json\/wp\/v2\/users\/2"}],"replies":[{"embeddable":true,"href":"http:\/\/argentinamunicipal.com.ar\/argentina\/wp-json\/wp\/v2\/comments?post=149407"}],"version-history":[{"count":0,"href":"http:\/\/argentinamunicipal.com.ar\/argentina\/wp-json\/wp\/v2\/posts\/149407\/revisions"}],"wp:featuredmedia":[{"embeddable":true,"href":"http:\/\/argentinamunicipal.com.ar\/argentina\/wp-json\/wp\/v2\/media\/149408"}],"wp:attachment":[{"href":"http:\/\/argentinamunicipal.com.ar\/argentina\/wp-json\/wp\/v2\/media?parent=149407"}],"wp:term":[{"taxonomy":"category","embeddable":true,"href":"http:\/\/argentinamunicipal.com.ar\/argentina\/wp-json\/wp\/v2\/categories?post=149407"},{"taxonomy":"post_tag","embeddable":true,"href":"http:\/\/argentinamunicipal.com.ar\/argentina\/wp-json\/wp\/v2\/tags?post=149407"}],"curies":[{"name":"wp","href":"https:\/\/api.w.org\/{rel}","templated":true}]}}