{"id":149437,"date":"2024-08-22T05:19:24","date_gmt":"2024-08-22T08:19:24","guid":{"rendered":"http:\/\/argentinamunicipal.com.ar\/argentina\/?p=149437"},"modified":"2024-08-21T18:40:02","modified_gmt":"2024-08-21T21:40:02","slug":"reconquista-hace-historia-con-su-primer-foro-internacional-de-negocios","status":"publish","type":"post","link":"http:\/\/argentinamunicipal.com.ar\/argentina\/reconquista-hace-historia-con-su-primer-foro-internacional-de-negocios\/","title":{"rendered":"Reconquista hace historia con su Primer Foro Internacional de Negocios"},"content":{"rendered":"<p>El Teatro Espa\u00f1ol de Reconquista ser\u00e1 sede este jueves 22 y viernes 23 de agosto, del \u201c1er Foro de Negocios del Litoral\u201d, que convocar\u00e1 a m\u00e1s de 80 empresas de casi 40 gobiernos locales de 5 provincias de la regi\u00f3n.<\/p>\n<p>En el evento se realizar\u00e1n una serie reuniones entre empresas del sector exportador de la regi\u00f3n y el pa\u00eds con los equipos t\u00e9cnicos de las Embajadas de Indonesia y Pakist\u00e1n, ambos pa\u00edses integrantes de La Asociaci\u00f3n de Naciones del Sudeste Asi\u00e1tico (ASEAN). Vale destacar, por un lado, que esta asociaci\u00f3n de pa\u00edses avanza aceleradamente en inversiones y negocios con la Argentina; y por otro lado, s\u00f3lo sumando la poblaci\u00f3n de los dos pa\u00edses que visitar\u00e1n nuestro Foro, se abre un mercado potencial de 600 millones de personas.<\/p>\n<p>De esta manera, esta semana se producir\u00e1 la primera ronda de negocios orientada al mercado exportador del norte santafesino y la regi\u00f3n en general, empujada por el intendente Vallejos con el objetivo potenciar las exportaciones y sumar nuevos mercados en pa\u00edses con las econom\u00edas emergentes de mayor desarrollo en los \u00faltimos a\u00f1os.<\/p>\n<p>Este acontecimiento marca, a su vez, una oportunidad para que Reconquista, la ciudad que m\u00e1s creci\u00f3 en los \u00faltimos 10 a\u00f1os en la provincia, sea un ejemplo de c\u00f3mo se puede transformar una ciudad a trav\u00e9s de la infraestructura, pero tambi\u00e9n a trav\u00e9s de la apertura al comercio internacional, a la b\u00fasqueda de inversiones y a la promoci\u00f3n de los intercambios culturales entre pares y tambi\u00e9n en diversos foros internacionales.<\/p>\n<p>Por su parte, el Intendente de la ciudad, Dr. Amadeo Enrique Vallejos, consider\u00f3 que todo acontecimiento previo en este proceso de internacionalizaci\u00f3n que vive Reconquista fueron piedras fundamentales en la construcci\u00f3n de este evento de negocios y de los pr\u00f3ximos a realizarse, destacando la importancia de ocupar cada espacio posible para generar oportunidades y seguir abriendo puertas para que la ciudad crezca tambi\u00e9n desde la exportaci\u00f3n y los negocios internacionales.<\/p>\n<p>Din\u00e1mica del Foro<\/p>\n<p>9:30 a 13:30 \u2013 En el Teatro Espa\u00f1ol<br \/>\nDurante toda la ma\u00f1ana se producir\u00e1n las conversaciones, como primeros acercamientos que pueden derivar en posteriores acuerdos comerciales con gobiernos locales o empresas productoras y exportadoras.<\/p>\n<p>16:00 a 18:30 \u2013 En el Consejo de Cs. Econ\u00f3micas<br \/>\nExposici\u00f3n directa de la oferta de 13 empresas exportadoras, a los equipos t\u00e9cnicos de las Embajadas de Indonesia y Pakist\u00e1n.<\/p>\n<h6>Fuente: Sin Mordaza<\/h6>\n","protected":false},"excerpt":{"rendered":"<p>El Teatro Espa\u00f1ol de Reconquista ser\u00e1 sede este jueves 22 y viernes 23 de agosto, del \u201c1er Foro de Negocios del Litoral\u201d, que convocar\u00e1 a m\u00e1s de 80 empresas de casi 40 gobiernos locales de 5 provincias de la regi\u00f3n.<\/p>\n","protected":false},"author":2,"featured_media":149439,"comment_status":"closed","ping_status":"closed","sticky":false,"template":"","format":"standard","meta":{"footnotes":""},"categories":[2],"tags":[10],"class_list":["post-149437","post","type-post","status-publish","format-standard","has-post-thumbnail","hentry","category-informe-municipal","tag-santa-fe"],"_links":{"self":[{"href":"http:\/\/argentinamunicipal.com.ar\/argentina\/wp-json\/wp\/v2\/posts\/149437","targetHints":{"allow":["GET"]}}],"collection":[{"href":"http:\/\/argentinamunicipal.com.ar\/argentina\/wp-json\/wp\/v2\/posts"}],"about":[{"href":"http:\/\/argentinamunicipal.com.ar\/argentina\/wp-json\/wp\/v2\/types\/post"}],"author":[{"embeddable":true,"href":"http:\/\/argentinamunicipal.com.ar\/argentina\/wp-json\/wp\/v2\/users\/2"}],"replies":[{"embeddable":true,"href":"http:\/\/argentinamunicipal.com.ar\/argentina\/wp-json\/wp\/v2\/comments?post=149437"}],"version-history":[{"count":0,"href":"http:\/\/argentinamunicipal.com.ar\/argentina\/wp-json\/wp\/v2\/posts\/149437\/revisions"}],"wp:featuredmedia":[{"embeddable":true,"href":"http:\/\/argentinamunicipal.com.ar\/argentina\/wp-json\/wp\/v2\/media\/149439"}],"wp:attachment":[{"href":"http:\/\/argentinamunicipal.com.ar\/argentina\/wp-json\/wp\/v2\/media?parent=149437"}],"wp:term":[{"taxonomy":"category","embeddable":true,"href":"http:\/\/argentinamunicipal.com.ar\/argentina\/wp-json\/wp\/v2\/categories?post=149437"},{"taxonomy":"post_tag","embeddable":true,"href":"http:\/\/argentinamunicipal.com.ar\/argentina\/wp-json\/wp\/v2\/tags?post=149437"}],"curies":[{"name":"wp","href":"https:\/\/api.w.org\/{rel}","templated":true}]}}