{"id":149441,"date":"2024-08-22T05:20:21","date_gmt":"2024-08-22T08:20:21","guid":{"rendered":"http:\/\/argentinamunicipal.com.ar\/argentina\/?p=149441"},"modified":"2024-08-21T18:43:29","modified_gmt":"2024-08-21T21:43:29","slug":"crisis-salarial-y-despidos-en-la-multinacional-john-deere-de-granadero-baigorria","status":"publish","type":"post","link":"http:\/\/argentinamunicipal.com.ar\/argentina\/crisis-salarial-y-despidos-en-la-multinacional-john-deere-de-granadero-baigorria\/","title":{"rendered":"Crisis salarial y despidos en la multinacional John Deere de Granadero Baigorria"},"content":{"rendered":"<p>El gremio de los operarios y empleados de la industria del tractor determin\u00f3 un cese de actividades de dos horas y media por turno en la planta de John Deere. El reclamo se centra en el despido semanal del personal en la firma, as\u00ed como por el estancamiento de la negociaci\u00f3n paritaria<\/p>\n<p>El Sindicato de Operarios y Empleados de la Industria del Tractor (Soeit) lanz\u00f3 un paro de actividades en la planta que posee la empresa John Deere en la localidad de Granadero Baigorria. Las medidas fueron dispuestas en el marco del estancamiento de las negociaciones paritarias, sumado a la ola semanal de despidos en la multinacional.<\/p>\n<p>Desde el gremio remarcaron que la medida de fuerza, que ser\u00e1 efectiva con el retiro de los trabajadores dos horas y media antes de cada turno, lleg\u00f3 luego de que la empresa se presentar\u00e1 a la mesa paritaria sin ning\u00fan ofrecimiento salarial para los pr\u00f3ximos tres meses, seg\u00fan describi\u00f3 el portal\u00a0Mundo Laboral.<\/p>\n<p>El Soeit denunci\u00f3 que hace semanas, la empresa productora de tractores lleva a cabo despidos a cuenta gotas y de manera constante, con muchos trabajadores, operarios y empleados, que se encuentran en la puerta de ingreso de la planta de Baigorria con la noticia del despido.<\/p>\n<p>En esa l\u00ednea, el portal\u00a0Baigorria Informa\u00a0se\u00f1al\u00f3 en referencia a los despidos, que la firma justifica a partir de la crisis econ\u00f3mica del pa\u00eds, no discriminan entre antig\u00fcedad o jerarqu\u00eda, y advirtieron que, hace meses la firma desvincul\u00f3 a todo el personal contratado, y que en esta oportunidad las bajas incluyen a trabajadores con 20 a\u00f1os de servicio en la empresa y tambi\u00e9n personal jer\u00e1rquico.<\/p>\n<h6>Fuente: El Ciudadano<\/h6>\n<p>&nbsp;<\/p>\n<p>&nbsp;<\/p>\n","protected":false},"excerpt":{"rendered":"<p>El gremio de los operarios y empleados de la industria del tractor determin\u00f3 un cese de actividades de dos horas y media por turno en la planta de John Deere.<\/p>\n","protected":false},"author":2,"featured_media":149442,"comment_status":"closed","ping_status":"closed","sticky":false,"template":"","format":"standard","meta":{"footnotes":""},"categories":[2],"tags":[10],"class_list":["post-149441","post","type-post","status-publish","format-standard","has-post-thumbnail","hentry","category-informe-municipal","tag-santa-fe"],"_links":{"self":[{"href":"http:\/\/argentinamunicipal.com.ar\/argentina\/wp-json\/wp\/v2\/posts\/149441","targetHints":{"allow":["GET"]}}],"collection":[{"href":"http:\/\/argentinamunicipal.com.ar\/argentina\/wp-json\/wp\/v2\/posts"}],"about":[{"href":"http:\/\/argentinamunicipal.com.ar\/argentina\/wp-json\/wp\/v2\/types\/post"}],"author":[{"embeddable":true,"href":"http:\/\/argentinamunicipal.com.ar\/argentina\/wp-json\/wp\/v2\/users\/2"}],"replies":[{"embeddable":true,"href":"http:\/\/argentinamunicipal.com.ar\/argentina\/wp-json\/wp\/v2\/comments?post=149441"}],"version-history":[{"count":0,"href":"http:\/\/argentinamunicipal.com.ar\/argentina\/wp-json\/wp\/v2\/posts\/149441\/revisions"}],"wp:featuredmedia":[{"embeddable":true,"href":"http:\/\/argentinamunicipal.com.ar\/argentina\/wp-json\/wp\/v2\/media\/149442"}],"wp:attachment":[{"href":"http:\/\/argentinamunicipal.com.ar\/argentina\/wp-json\/wp\/v2\/media?parent=149441"}],"wp:term":[{"taxonomy":"category","embeddable":true,"href":"http:\/\/argentinamunicipal.com.ar\/argentina\/wp-json\/wp\/v2\/categories?post=149441"},{"taxonomy":"post_tag","embeddable":true,"href":"http:\/\/argentinamunicipal.com.ar\/argentina\/wp-json\/wp\/v2\/tags?post=149441"}],"curies":[{"name":"wp","href":"https:\/\/api.w.org\/{rel}","templated":true}]}}