{"id":149444,"date":"2024-08-21T18:53:54","date_gmt":"2024-08-21T21:53:54","guid":{"rendered":"http:\/\/argentinamunicipal.com.ar\/argentina\/?p=149444"},"modified":"2024-08-21T18:53:54","modified_gmt":"2024-08-21T21:53:54","slug":"relevamiento-en-barrios-populares-una-familia-en-santa-fe-necesito-casi-900-000-en-julio-para-no-caer-en-la-pobreza","status":"publish","type":"post","link":"http:\/\/argentinamunicipal.com.ar\/argentina\/relevamiento-en-barrios-populares-una-familia-en-santa-fe-necesito-casi-900-000-en-julio-para-no-caer-en-la-pobreza\/","title":{"rendered":"Relevamiento en barrios populares: una familia en Santa Fe necesit\u00f3 casi $900.000 en julio para no caer en la pobreza"},"content":{"rendered":"<p>El dato se desprende del \u00cdndice Barrial de Precios (IBP), un indicador construido desde los barrios populares de la provincia de Santa Fe relevando los precios en los comercios de cercan\u00eda<\/p>\n<p>De acuerdo al \u00faltimo relevamiento, una familia de 4 integrantes (dos adultos y dos ni\u00f1os)\u00a0necesit\u00f3 un poco m\u00e1s de 3 salarios m\u00ednimos para no caer bajo la l\u00ednea de pobreza. Asimismo,\u00a0para cubrir la Canasta B\u00e1sica Alimentaria (CBA) necesit\u00f3 $400.513, una cifra a la que apenas se alcanza con 2 salarios m\u00ednimos y que queda lejos de los montos de programas sociales o asignaciones familiares.<\/p>\n<p>La Directora Provincial del ISEPCi (\u00cdndice Barrial de Precios), Sof\u00eda Botto, dijo que \u201ca los dichos de Caputo y Milei que se entusiasman con un 0% de inflaci\u00f3n en los pr\u00f3ximos meses, les respondemos con un trabajo colectivo hecho en barrios populares de la provincia de Santa Fe, que nos demuestra que el aumento de precios sigue golpeando a las familias. En julio nuestro indicador nos arroj\u00f3 un 4,59% de aumento y basta con ver los precios promedios de los productos de almac\u00e9n, verduler\u00eda y carnicer\u00eda para desmentir el relato del Gobierno Nacional\u201d.<\/p>\n<p>\u00abPoniendo la lupa en algunos de los productos de mayor consumo de los sectores populares,\u00a0vemos c\u00f3mo sigue operando el fen\u00f3meno inflacionario en la dispersi\u00f3n de precios,\u00a0ya que en promedio en un almac\u00e9n de barrio un paquete de arroz de 1 kilo se consigue a $1.930 y un sachet de leche de 1 litro a unos $1.390. El kilo de carne no baja de los $5.000 y una canasta de frutas y verduras mensual puede costar unos $80.663 para el grupo familiar\u00bb, complet\u00f3.<\/p>\n<p><strong>En Santa Fe<\/strong><br \/>\nEl Instituto Provincial de Estad\u00edstica y Censos (Ipec) difundi\u00f3 el pasado viernes el \u00edndice de\u00a0inflaci\u00f3n\u00a0que realiza todos los meses para monitorear el territorio santafesino. Para\u00a0julio, el organismo determin\u00f3 que la suba de precios en la provincia fue del 4.5%, medio punto por encima del promedio nacional.<\/p>\n<p>Con este 4.5%, la variaci\u00f3n interanual de la inflaci\u00f3n se ubica en 268.7%. Este porcentaje tambi\u00e9n se ubica 5.3 puntos por encima de la media nacional que, seg\u00fan el Instituto Nacional de Estad\u00edstica y Censos (Indec), es de 263.4 por ciento.<\/p>\n<p><strong>Rubros que m\u00e1s subieron en julio<\/strong><br \/>\nA diferencia del resultado de julio y la acumulaci\u00f3n interanual, donde la inflaci\u00f3n de la provincia se ubica por encima del promedio nacional, en el registro anual (de diciembre 2023 a la fecha), Santa Fe registra una inflaci\u00f3n acumulada por debajo del promedio nacional, 87% es el resultado anual del Indec y 86.3% el del instituto provincial.<\/p>\n<p>Entre los rubros que m\u00e1s subieron durante el mes de julio se destaca \u201cEsparcimiento\u201d que registr\u00f3 un aumento de precios del 9.3%; seguido por los gastos de \u201cAtenci\u00f3n m\u00e9dica y salud\u201d con 6.7% y \u201cVivienda y servicios B\u00e1sicos\u201d con 6.1%.<\/p>\n<p>En tanto que \u201cAlimentos y Bebidas\u201d, rubro que siempre es el de mayor incidencia en la inflaci\u00f3n, se ubic\u00f3 en 3.7%, por debajo del promedio inflacionario que elabor\u00f3 la provincia.<\/p>\n<h6>Fuente: Uno<\/h6>\n","protected":false},"excerpt":{"rendered":"<p>El dato se desprende del \u00cdndice Barrial de Precios (IBP), un indicador construido desde los barrios populares de la provincia de Santa Fe relevando los precios en los comercios de cercan\u00eda<\/p>\n","protected":false},"author":2,"featured_media":149445,"comment_status":"closed","ping_status":"closed","sticky":false,"template":"","format":"standard","meta":{"footnotes":""},"categories":[5],"tags":[10],"class_list":["post-149444","post","type-post","status-publish","format-standard","has-post-thumbnail","hentry","category-informe-economico","tag-santa-fe"],"_links":{"self":[{"href":"http:\/\/argentinamunicipal.com.ar\/argentina\/wp-json\/wp\/v2\/posts\/149444","targetHints":{"allow":["GET"]}}],"collection":[{"href":"http:\/\/argentinamunicipal.com.ar\/argentina\/wp-json\/wp\/v2\/posts"}],"about":[{"href":"http:\/\/argentinamunicipal.com.ar\/argentina\/wp-json\/wp\/v2\/types\/post"}],"author":[{"embeddable":true,"href":"http:\/\/argentinamunicipal.com.ar\/argentina\/wp-json\/wp\/v2\/users\/2"}],"replies":[{"embeddable":true,"href":"http:\/\/argentinamunicipal.com.ar\/argentina\/wp-json\/wp\/v2\/comments?post=149444"}],"version-history":[{"count":0,"href":"http:\/\/argentinamunicipal.com.ar\/argentina\/wp-json\/wp\/v2\/posts\/149444\/revisions"}],"wp:featuredmedia":[{"embeddable":true,"href":"http:\/\/argentinamunicipal.com.ar\/argentina\/wp-json\/wp\/v2\/media\/149445"}],"wp:attachment":[{"href":"http:\/\/argentinamunicipal.com.ar\/argentina\/wp-json\/wp\/v2\/media?parent=149444"}],"wp:term":[{"taxonomy":"category","embeddable":true,"href":"http:\/\/argentinamunicipal.com.ar\/argentina\/wp-json\/wp\/v2\/categories?post=149444"},{"taxonomy":"post_tag","embeddable":true,"href":"http:\/\/argentinamunicipal.com.ar\/argentina\/wp-json\/wp\/v2\/tags?post=149444"}],"curies":[{"name":"wp","href":"https:\/\/api.w.org\/{rel}","templated":true}]}}