{"id":149447,"date":"2024-08-26T05:30:14","date_gmt":"2024-08-26T08:30:14","guid":{"rendered":"http:\/\/argentinamunicipal.com.ar\/argentina\/?p=149447"},"modified":"2024-08-21T18:56:23","modified_gmt":"2024-08-21T21:56:23","slug":"el-partido-socialista-avanza-en-la-agenda-para-fortalecer-el-cooperativismo-en-argentina","status":"publish","type":"post","link":"http:\/\/argentinamunicipal.com.ar\/argentina\/el-partido-socialista-avanza-en-la-agenda-para-fortalecer-el-cooperativismo-en-argentina\/","title":{"rendered":"El partido socialista avanza en la agenda para fortalecer el cooperativismo en Argentina"},"content":{"rendered":"<p>En el marco de la crisis, autoridades nacionales del partido socialista, M\u00f3nica Fein y Mat\u00edas Chamorro, se reunieron con el Presidente de Cooperar y miembro de la Alianza Cooperativa Internacional, Ariel Guarco para trabajar en iniciativas y pol\u00edticas p\u00fablicas para el desarrollo cooperativo.<\/p>\n<p>Autoridades nacionales del partido socialista M\u00f3nica Fein y Mat\u00edas Chamorro se reunieron con el Presidente de Cooperar y miembro de la Alianza Cooperativa Internacional, Ariel Guarco para trabajar en iniciativas y pol\u00edticas p\u00fablicas para el desarrollo cooperativo.<\/p>\n<p>\u00abLa profunda recesi\u00f3n que atraviesa la econom\u00eda argentina desde diciembre hasta la actualidad se vienen cerrando empresas y PYMES de distintos rubros y sectores\u00bb, indicaron desde el partido. Como dato, aportaron que hay m\u00e1s de 38.000 expedientes de Procedimiento Preventivo de Crisis ingresados en el pa\u00eds y en los ocho meses desde que asumi\u00f3 el nuevo gobierno nacional ya se perdieron m\u00e1s de 144.000 puestos de trabajo en el sector privado.<\/p>\n<p>En ese marco, la Diputada Nacional presidenta de la Comisi\u00f3n de Pymes y el legislador cordob\u00e9s responsable del cooperativismo en la legislatura provincial intercambiaron propuestas con una de las principales referencias del cooperativismo en el mundo Ariel Guarco, para\u00a0\u00abpromover el fomento de la Econom\u00eda Social y Solidaria como una alternativa de generaci\u00f3n de empleo sostenible\u00a0y acompa\u00f1ar la realidad del entramado productivo cooperativo tan importante en nuestro pa\u00eds\u00bb.<\/p>\n<p>Sobre el encuentro Chamorro coment\u00f3: \u201cLas cooperativas est\u00e1n en el centro de la justicia social y las soluciones sostenibles, es por \u00e9ste motivo que desde C\u00f3rdoba venimos a compartir iniciativas parlamentarias que buscan \u00a0brindar soluciones centradas en las personas. Junto a M\u00f3nica Fein creemos que las cooperativas pueden ser una alternativa para la soluci\u00f3n de diferentes problem\u00e1ticas, principalmente el desempleo y el suministro de servicios p\u00fablicos de calidad\u201d.<\/p>\n<h6>Fuente: La Nueva Ma\u00f1ana<\/h6>\n","protected":false},"excerpt":{"rendered":"<p>En el marco de la crisis, autoridades nacionales del partido socialista, M\u00f3nica Fein y Mat\u00edas Chamorro, se reunieron con el Presidente de Cooperar y miembro de la Alianza Cooperativa Internacional<\/p>\n","protected":false},"author":2,"featured_media":149448,"comment_status":"closed","ping_status":"closed","sticky":false,"template":"","format":"standard","meta":{"footnotes":""},"categories":[4],"tags":[21],"class_list":["post-149447","post","type-post","status-publish","format-standard","has-post-thumbnail","hentry","category-informe-politico","tag-argentina"],"_links":{"self":[{"href":"http:\/\/argentinamunicipal.com.ar\/argentina\/wp-json\/wp\/v2\/posts\/149447","targetHints":{"allow":["GET"]}}],"collection":[{"href":"http:\/\/argentinamunicipal.com.ar\/argentina\/wp-json\/wp\/v2\/posts"}],"about":[{"href":"http:\/\/argentinamunicipal.com.ar\/argentina\/wp-json\/wp\/v2\/types\/post"}],"author":[{"embeddable":true,"href":"http:\/\/argentinamunicipal.com.ar\/argentina\/wp-json\/wp\/v2\/users\/2"}],"replies":[{"embeddable":true,"href":"http:\/\/argentinamunicipal.com.ar\/argentina\/wp-json\/wp\/v2\/comments?post=149447"}],"version-history":[{"count":0,"href":"http:\/\/argentinamunicipal.com.ar\/argentina\/wp-json\/wp\/v2\/posts\/149447\/revisions"}],"wp:featuredmedia":[{"embeddable":true,"href":"http:\/\/argentinamunicipal.com.ar\/argentina\/wp-json\/wp\/v2\/media\/149448"}],"wp:attachment":[{"href":"http:\/\/argentinamunicipal.com.ar\/argentina\/wp-json\/wp\/v2\/media?parent=149447"}],"wp:term":[{"taxonomy":"category","embeddable":true,"href":"http:\/\/argentinamunicipal.com.ar\/argentina\/wp-json\/wp\/v2\/categories?post=149447"},{"taxonomy":"post_tag","embeddable":true,"href":"http:\/\/argentinamunicipal.com.ar\/argentina\/wp-json\/wp\/v2\/tags?post=149447"}],"curies":[{"name":"wp","href":"https:\/\/api.w.org\/{rel}","templated":true}]}}