{"id":149450,"date":"2024-08-26T05:40:41","date_gmt":"2024-08-26T08:40:41","guid":{"rendered":"http:\/\/argentinamunicipal.com.ar\/argentina\/?p=149450"},"modified":"2024-08-21T19:02:17","modified_gmt":"2024-08-21T22:02:17","slug":"programa-impulsa-capacitan-a-municipios-cordobeses-en-reciclaje-de-telas-y-economia-circular","status":"publish","type":"post","link":"http:\/\/argentinamunicipal.com.ar\/argentina\/programa-impulsa-capacitan-a-municipios-cordobeses-en-reciclaje-de-telas-y-economia-circular\/","title":{"rendered":"Programa Impuls\u00e1: capacitan a municipios cordobeses en reciclaje de telas y econom\u00eda circular"},"content":{"rendered":"<p>La iniciativa apunta a crear oportunidades de econom\u00eda verde y promover el desarrollo sostenible en toda la provincia de C\u00f3rdoba.<\/p>\n<p>El Ministerio de Ambiente y Econom\u00eda Circular capacit\u00f3 a referentes de municipios y comunas de la provincia de C\u00f3rdoba, en reciclaje textil, econom\u00eda circular y generaci\u00f3n de empleo verde.<\/p>\n<p>La capacitaci\u00f3n \u201cCircularidad Textil\u201d incluy\u00f3 conocimientos te\u00f3ricos y pr\u00e1cticos sobre costura, dise\u00f1o, molder\u00eda, as\u00ed como la creaci\u00f3n de emprendimientos textiles siguiendo criterios de sostenibilidad.<\/p>\n<p>Participaron representantes de distintas localidades de la provincia \u2013entre ellas, San Francisco- quienes, a su vez, ser\u00e1n los encargados de brindar la formaci\u00f3n en cada una de sus localidades, a personas que est\u00e9n interesadas en emprender actividades econ\u00f3micas verdes o mejorar las que ya realizan.<\/p>\n<p>En esta oportunidad, asistieron referentes de nuestra ciudad, Arroyito, San Antonio de Arredondo, Alta gracia, Coronel Moldes, La Calera, La Cumbre, Villa Mar\u00eda, Cruz del Eje, Salsacate, Montecristo y Despe\u00f1aderos.<\/p>\n<p>Se trata de la primera capacitaci\u00f3n que se da en el marco del programa Impuls\u00e1, una iniciativa que apunta a crear oportunidades de econom\u00eda verde y promover el desarrollo sostenible en toda la provincia de C\u00f3rdoba.<\/p>\n<p>El programa se centra en la educaci\u00f3n como un pilar fundamental, y como punto de partida para que las personas adquieran las habilidades y conocimientos necesarios que les permita desempe\u00f1arse en sectores de emprendedurismo verde.<\/p>\n<p>La ministra de Ambiente y Econom\u00eda Circular, Victoria Flores, resalt\u00f3 que se trata de una iniciativa clave \u201cporque genera movimiento y a partir de ah\u00ed, se crean nuevos empleos y profesiones, se empiezan a tejer redes, y podemos encontrar en el modelo de Econom\u00eda Circular, nuevas oportunidades de desarrollo para C\u00f3rdoba\u00bb.<\/p>\n<p>El programa est\u00e1 a cargo de la Secretar\u00eda de Econom\u00eda Circular y Empleo Verde, que lidera Nicol\u00e1s Vottero, y se propone como meta la formaci\u00f3n de 1500 personas al a\u00f1o, de todo el territorio provincial.<\/p>\n<h6>Fuente: La Voz de San Justo<\/h6>\n","protected":false},"excerpt":{"rendered":"<p>La iniciativa apunta a crear oportunidades de econom\u00eda verde y promover el desarrollo sostenible en toda la provincia de C\u00f3rdoba.<\/p>\n","protected":false},"author":2,"featured_media":149451,"comment_status":"closed","ping_status":"closed","sticky":false,"template":"","format":"standard","meta":{"footnotes":""},"categories":[2],"tags":[3],"class_list":["post-149450","post","type-post","status-publish","format-standard","has-post-thumbnail","hentry","category-informe-municipal","tag-cordoba"],"_links":{"self":[{"href":"http:\/\/argentinamunicipal.com.ar\/argentina\/wp-json\/wp\/v2\/posts\/149450","targetHints":{"allow":["GET"]}}],"collection":[{"href":"http:\/\/argentinamunicipal.com.ar\/argentina\/wp-json\/wp\/v2\/posts"}],"about":[{"href":"http:\/\/argentinamunicipal.com.ar\/argentina\/wp-json\/wp\/v2\/types\/post"}],"author":[{"embeddable":true,"href":"http:\/\/argentinamunicipal.com.ar\/argentina\/wp-json\/wp\/v2\/users\/2"}],"replies":[{"embeddable":true,"href":"http:\/\/argentinamunicipal.com.ar\/argentina\/wp-json\/wp\/v2\/comments?post=149450"}],"version-history":[{"count":0,"href":"http:\/\/argentinamunicipal.com.ar\/argentina\/wp-json\/wp\/v2\/posts\/149450\/revisions"}],"wp:featuredmedia":[{"embeddable":true,"href":"http:\/\/argentinamunicipal.com.ar\/argentina\/wp-json\/wp\/v2\/media\/149451"}],"wp:attachment":[{"href":"http:\/\/argentinamunicipal.com.ar\/argentina\/wp-json\/wp\/v2\/media?parent=149450"}],"wp:term":[{"taxonomy":"category","embeddable":true,"href":"http:\/\/argentinamunicipal.com.ar\/argentina\/wp-json\/wp\/v2\/categories?post=149450"},{"taxonomy":"post_tag","embeddable":true,"href":"http:\/\/argentinamunicipal.com.ar\/argentina\/wp-json\/wp\/v2\/tags?post=149450"}],"curies":[{"name":"wp","href":"https:\/\/api.w.org\/{rel}","templated":true}]}}