{"id":149456,"date":"2024-08-26T05:15:08","date_gmt":"2024-08-26T08:15:08","guid":{"rendered":"http:\/\/argentinamunicipal.com.ar\/argentina\/?p=149456"},"modified":"2024-08-22T19:15:23","modified_gmt":"2024-08-22T22:15:23","slug":"rio-cuarto-el-desempleo-impacta-mas-en-los-jovenes-de-18-a-23-anos-y-llega-al-97","status":"publish","type":"post","link":"http:\/\/argentinamunicipal.com.ar\/argentina\/rio-cuarto-el-desempleo-impacta-mas-en-los-jovenes-de-18-a-23-anos-y-llega-al-97\/","title":{"rendered":"R\u00edo Cuarto: El desempleo impacta m\u00e1s en los j\u00f3venes de 18 a 23 a\u00f1os y llega al 9,7%"},"content":{"rendered":"<p>Seg\u00fan el Consejo Econ\u00f3mico y Social, entre los riocuartenses de 24 a 29 a\u00f1os es del 2,7% y en los mayores de 30 a\u00f1os, del 5,7%. En la ciudad, la tasa de empleo se sit\u00faa en el 57,7%. En tanto, el 42,3% son desocupados o inactivos<\/p>\n<p>En R\u00edo Cuarto, el desempleo impacta m\u00e1s en los j\u00f3venes de 18 a 23 a\u00f1os y llega al 9,7%, dice el Consejo Econ\u00f3mico y Social.<\/p>\n<p>Seg\u00fan un nuevo informe del Cecre, al que tuvo acceso Puntal, entre los riocuartenses de 24 a 29 a\u00f1os es del 2,7% y en los mayores de 30 a\u00f1os, del 5,7%.<\/p>\n<p>En la ciudad, la tasa de empleo se sit\u00faa en el 57,7%. Mientras tanto, el 42,3% restante son desocupados o inactivos.<\/p>\n<p>El Cecre es el Centro Coordinador Regional de Estad\u00edstica que depende del Consejo Econ\u00f3mico y Social, que preside Irma Ciani.<\/p>\n<p>En el estudio en cuesti\u00f3n, se consigna que la tasa de empleo de personas a partir de los 15 a\u00f1os de edad en la ciudad es del 57,7%.<\/p>\n<p>\u201cLa tasa de empleo muestra qu\u00e9 porcentaje de poblaci\u00f3n tiene empleo activo con respecto al total de la poblaci\u00f3n a partir de los 15 a\u00f1os de edad\u201d, se explic\u00f3 desde el Consejo Econ\u00f3mico y Social, que tiene al Cecre como productor de datos.<\/p>\n<p>\u201cLa tasa de empleo muestra qu\u00e9 porcentaje de poblaci\u00f3n tiene empleo activo con respecto al total de la poblaci\u00f3n a partir de los 15 a\u00f1os de edad\u201d, se explic\u00f3.<\/p>\n<p>Yse agreg\u00f3:\u201cLa tasa de empleo calculada para el cuarto trimestre de 2023 es del 57,7%. Es decir, es el porcentaje de personas mayores a 15 a\u00f1os empleadas en la ciudad\u201d.<\/p>\n<p>Yse aclar\u00f3:\u201cEl 42,3% restante son personas desocupadas o que est\u00e1n inactivas\u201d.<\/p>\n<p>En tanto, \u201cel aporte de cada rubro al empleo local es de un 8,76% por parte del sector manufacturero, de un 13,05% por parte de la construcci\u00f3n, de un 22,75% por parte del comercio y de un 53,81% por parte del rubro servicios\u201d.<\/p>\n<p>Servicios est\u00e1 conformado por la actividad de ense\u00f1anza, el empleo en casas particulares, la administraci\u00f3n p\u00fablica, la salud y las actividades profesionales.<\/p>\n<p>53,81% El aporte de cada rubro al empleo refleja un 53,81% por parte del sector servicios, seg\u00fan se inform\u00f3.<\/p>\n<p>Desde el Cecre tambi\u00e9n se inform\u00f3 a Puntal que \u201cen ese per\u00edodo el desempleo por edad es: de 18 a 23 a\u00f1os, del 9,7%;de 24 a 29 a\u00f1os, del 2,7%;y en los mayores de 30 a\u00f1os, del 5,7%\u201d.<\/p>\n<p>El Crece es un Centro de Estad\u00edstica encargado de la producci\u00f3n y sistematizaci\u00f3n de datos que pertenece al Consejo Econ\u00f3mico y Social y que hace distintos estudios sobre la realidad econ\u00f3mica y social de la ciudad.<\/p>\n<p>El difundido anteriormente es el de la pobreza en la ciudad de R\u00edo Cuarto, en el que se dijo que el 56,6% de los hogares est\u00e1 en esa condici\u00f3n.<\/p>\n<h6>Fuente: Puntal<\/h6>\n","protected":false},"excerpt":{"rendered":"<p>Seg\u00fan el Consejo Econ\u00f3mico y Social, entre los riocuartenses de 24 a 29 a\u00f1os es del 2,7% y en los mayores de 30 a\u00f1os, del 5,7%. En la ciudad, la tasa de empleo se sit\u00faa en el 57,7%. En tanto, el 42,3% son desocupados o inactivos<\/p>\n","protected":false},"author":2,"featured_media":149457,"comment_status":"closed","ping_status":"closed","sticky":false,"template":"","format":"standard","meta":{"footnotes":""},"categories":[2],"tags":[3],"class_list":["post-149456","post","type-post","status-publish","format-standard","has-post-thumbnail","hentry","category-informe-municipal","tag-cordoba"],"_links":{"self":[{"href":"http:\/\/argentinamunicipal.com.ar\/argentina\/wp-json\/wp\/v2\/posts\/149456","targetHints":{"allow":["GET"]}}],"collection":[{"href":"http:\/\/argentinamunicipal.com.ar\/argentina\/wp-json\/wp\/v2\/posts"}],"about":[{"href":"http:\/\/argentinamunicipal.com.ar\/argentina\/wp-json\/wp\/v2\/types\/post"}],"author":[{"embeddable":true,"href":"http:\/\/argentinamunicipal.com.ar\/argentina\/wp-json\/wp\/v2\/users\/2"}],"replies":[{"embeddable":true,"href":"http:\/\/argentinamunicipal.com.ar\/argentina\/wp-json\/wp\/v2\/comments?post=149456"}],"version-history":[{"count":0,"href":"http:\/\/argentinamunicipal.com.ar\/argentina\/wp-json\/wp\/v2\/posts\/149456\/revisions"}],"wp:featuredmedia":[{"embeddable":true,"href":"http:\/\/argentinamunicipal.com.ar\/argentina\/wp-json\/wp\/v2\/media\/149457"}],"wp:attachment":[{"href":"http:\/\/argentinamunicipal.com.ar\/argentina\/wp-json\/wp\/v2\/media?parent=149456"}],"wp:term":[{"taxonomy":"category","embeddable":true,"href":"http:\/\/argentinamunicipal.com.ar\/argentina\/wp-json\/wp\/v2\/categories?post=149456"},{"taxonomy":"post_tag","embeddable":true,"href":"http:\/\/argentinamunicipal.com.ar\/argentina\/wp-json\/wp\/v2\/tags?post=149456"}],"curies":[{"name":"wp","href":"https:\/\/api.w.org\/{rel}","templated":true}]}}