{"id":149462,"date":"2024-08-21T19:26:35","date_gmt":"2024-08-21T22:26:35","guid":{"rendered":"http:\/\/argentinamunicipal.com.ar\/argentina\/?p=149462"},"modified":"2024-08-21T19:26:35","modified_gmt":"2024-08-21T22:26:35","slug":"exodo-jujeno-invitan-a-participar-de-marcha-evocativa-y-festival-folclorico-en-san-antonio","status":"publish","type":"post","link":"http:\/\/argentinamunicipal.com.ar\/argentina\/exodo-jujeno-invitan-a-participar-de-marcha-evocativa-y-festival-folclorico-en-san-antonio\/","title":{"rendered":"Exodo Juje\u00f1o: Invitan a participar de marcha evocativa y festival folcl\u00f3rico en San Antonio"},"content":{"rendered":"<p>Cumpliendo con una tradici\u00f3n que el pueblo de San Antonio realiza cada a\u00f1o, los vecinos de esta localidad recrear\u00e1n este jueves 22 de agosto la gesta hist\u00f3rica del Exodo Juje\u00f1o con una marcha evocativa.<\/p>\n<p>\u00abComo cada a\u00f1o, con una enorme emoci\u00f3n, el jueves desde las 18:00 horas, el pueblo sanantone\u00f1o invita nuevamente a la conmemoraci\u00f3n de los 212 a\u00f1os de la heroica gesta de nuestro pueblo en aquel 23 de Agosto de 1812\u00bb, expresaron desde la Municipalidad de San Antonio.<\/p>\n<p>La convocatoria a los residentes de la zona los invita a unirse \u00abpara recordar y rendir homenaje a los h\u00e9roes del \u00c9xodo Juje\u00f1o\u00bb y a \u00abparticipar juntos de la marcha evocativa para recordar este valiente evento, s\u00edmbolo de la lucha por la libertad y la independencia de nuestro pa\u00eds\u00bb, se\u00f1alaron.<\/p>\n<p>CRONOGRAMA DE ACTIVIDADES<\/p>\n<p>Las actividades de este jueves son: a las 16:00, mateada y juegos tradicionales. A las 17.00 concentraci\u00f3n del \u00abPueblo de Jujuy de 1812\u00bb sobre avenida 21 de Septiembre. A las 18:00 dar\u00e1 inicio el recorrido de la Marcha Evocativa del Pueblo de San Antonio, teniendo como punto de partida Avenida 21 de Septiembre, para luego continuar por calle Sarmiento, Plaza General San Martin, barrio Guillermo Snopek, hasta arribar al lugar donde se instalar\u00e1 la \u00abCiudad Simb\u00f3lica\u00bb.<\/p>\n<p>Para las 19:00 se anuncia el inicio de los espect\u00e1culos folcl\u00f3ricos y apertura del patio gastron\u00f3mico, con la actuaci\u00f3n de grupos musicales y cuerpos de danzas. A la medianoche comenzar\u00e1n los preparativos para el acto en recordaci\u00f3n de un nuevo aniversario del Exodo Juje\u00f1o, con el Apresto Militar y C\u00edvico, Lectura de Bando y Entonaci\u00f3n del Himno Nacional e Himno al \u00c9xodo.<\/p>\n<p>Posteriormente se realizar\u00e1 una nueva Marcha Evocativa hacia la \u00abCiudad Simb\u00f3lica, donde a las 00:30 se realizar\u00e1 la \u00abQuema de los Ranchos\u00bb.<\/p>\n<p>La jornada culminar\u00e1 con un espect\u00e1culo con las actuaciones de: Los de San Antonio, Fabricio El Andino, Paola Tolaba y Los Troperos y el grupo Defendiendo Ra\u00edces y los cuerpos de danza Quebracho Malambo, Orgullo Argentino, Pasi\u00f3n de los Valles, Estilos Norte, Renacer y La Nazarena.<\/p>\n<h6>Fuente: Preg\u00f3n<\/h6>\n","protected":false},"excerpt":{"rendered":"<p>Cumpliendo con una tradici\u00f3n que el pueblo de San Antonio realiza cada a\u00f1o, los vecinos de esta localidad recrear\u00e1n este jueves 22 de agosto la gesta hist\u00f3rica del Exodo Juje\u00f1o con una marcha evocativa.<\/p>\n","protected":false},"author":2,"featured_media":149463,"comment_status":"closed","ping_status":"closed","sticky":false,"template":"","format":"standard","meta":{"footnotes":""},"categories":[47],"tags":[25],"class_list":["post-149462","post","type-post","status-publish","format-standard","has-post-thumbnail","hentry","category-fiestas","tag-jujuy"],"_links":{"self":[{"href":"http:\/\/argentinamunicipal.com.ar\/argentina\/wp-json\/wp\/v2\/posts\/149462","targetHints":{"allow":["GET"]}}],"collection":[{"href":"http:\/\/argentinamunicipal.com.ar\/argentina\/wp-json\/wp\/v2\/posts"}],"about":[{"href":"http:\/\/argentinamunicipal.com.ar\/argentina\/wp-json\/wp\/v2\/types\/post"}],"author":[{"embeddable":true,"href":"http:\/\/argentinamunicipal.com.ar\/argentina\/wp-json\/wp\/v2\/users\/2"}],"replies":[{"embeddable":true,"href":"http:\/\/argentinamunicipal.com.ar\/argentina\/wp-json\/wp\/v2\/comments?post=149462"}],"version-history":[{"count":0,"href":"http:\/\/argentinamunicipal.com.ar\/argentina\/wp-json\/wp\/v2\/posts\/149462\/revisions"}],"wp:featuredmedia":[{"embeddable":true,"href":"http:\/\/argentinamunicipal.com.ar\/argentina\/wp-json\/wp\/v2\/media\/149463"}],"wp:attachment":[{"href":"http:\/\/argentinamunicipal.com.ar\/argentina\/wp-json\/wp\/v2\/media?parent=149462"}],"wp:term":[{"taxonomy":"category","embeddable":true,"href":"http:\/\/argentinamunicipal.com.ar\/argentina\/wp-json\/wp\/v2\/categories?post=149462"},{"taxonomy":"post_tag","embeddable":true,"href":"http:\/\/argentinamunicipal.com.ar\/argentina\/wp-json\/wp\/v2\/tags?post=149462"}],"curies":[{"name":"wp","href":"https:\/\/api.w.org\/{rel}","templated":true}]}}