{"id":149469,"date":"2024-08-23T05:45:51","date_gmt":"2024-08-23T08:45:51","guid":{"rendered":"http:\/\/argentinamunicipal.com.ar\/argentina\/?p=149469"},"modified":"2024-08-22T18:48:04","modified_gmt":"2024-08-22T21:48:04","slug":"rio-turbio-asamblea-y-paro-total-de-actividades-de-los-trabajadores-municipales","status":"publish","type":"post","link":"http:\/\/argentinamunicipal.com.ar\/argentina\/rio-turbio-asamblea-y-paro-total-de-actividades-de-los-trabajadores-municipales\/","title":{"rendered":"R\u00edo Turbio: Asamblea y paro total de actividades de los trabajadores municipales"},"content":{"rendered":"<p>En el dia de la fecha se realiz\u00f3 la 4\u00b0 Asamblea convocada de urgencia luego de recibir la Nota enviada por la concejal Abigail Mazu a cargo de la Intendencia, como respuesta a la Nota con fecha 20 de agosto, remitida al ejecutivo en la que se informaba sobre \u00abla Retenci\u00f3n de Tareas hasta tanto tener una nueva propuesta\u00bb; motivo por el que, se nos contesta que debido a la acci\u00f3n tomada se daba por suspendida la Reunion Paritaria programada para el jueves 22. (Se comparte respuesta recibida en nuestra sede gremial).<\/p>\n<p>Por tal motivo, reunidos en Asamblea, se dio lectura a la Nota y se puso en conocimiento a todos los compa\u00f1eros y compa\u00f1eras municipales de lo que expresaba el ejecutivo.<\/p>\n<p>Cabe destacar, que la intencionalidad del texto hizo que por amplia mayoria de compa\u00f1eros y compa\u00f1eras, se resuelva una nueva Medida de Fuerza, a partir de la fecha:<\/p>\n<p>\u00abParo Total de actividades en todo el \u00e1mbito Municipal, sin permanencia en los Sectores de Trabajo, con marcaci\u00f3n de ingreso y salida de la jornada laboral y Unificaci\u00f3n de Turnos en el horario de 08.00 a 14.00 hs\u00bb.<\/p>\n<p>Luego de lo resuelto por mayoria en asamblea, los compa\u00f1eros y compa\u00f1eras se movilizaron hacia el Edificio Municipal y al Honorable Concejo Deliberante de Rio Turbio, con el fin de poder dialogar con la Intendente Interina, Concejal Abigail Mazu para que explicara el motivo de la nota enviada; como as\u00ed tambi\u00e9n, conocer que gestiones estan realizando los concejales para visibilizar y dar a conocer el reclamo que estan haciendo los empleados municipales sobre el Aumento Salarial.<\/p>\n<p>Finalmente, quedo el compromiso de los ediles de interceder ante el Ejecutivo provincial y Municipal para gestionar que se continu\u00e9 con el dialogo entre las partes y se pueda lograr una mejora salarial.<\/p>\n<h6>Fuente: patagonianexo.com.ar<\/h6>\n","protected":false},"excerpt":{"rendered":"<p>Luego de lo resuelto por mayoria en asamblea, los compa\u00f1eros y compa\u00f1eras se movilizaron hacia el Edificio Municipal y al Honorable Concejo Deliberante de Rio Turbio<\/p>\n","protected":false},"author":2,"featured_media":149470,"comment_status":"closed","ping_status":"closed","sticky":false,"template":"","format":"standard","meta":{"footnotes":""},"categories":[7],"tags":[29],"class_list":["post-149469","post","type-post","status-publish","format-standard","has-post-thumbnail","hentry","category-informe-sindical","tag-santa-cruz"],"_links":{"self":[{"href":"http:\/\/argentinamunicipal.com.ar\/argentina\/wp-json\/wp\/v2\/posts\/149469","targetHints":{"allow":["GET"]}}],"collection":[{"href":"http:\/\/argentinamunicipal.com.ar\/argentina\/wp-json\/wp\/v2\/posts"}],"about":[{"href":"http:\/\/argentinamunicipal.com.ar\/argentina\/wp-json\/wp\/v2\/types\/post"}],"author":[{"embeddable":true,"href":"http:\/\/argentinamunicipal.com.ar\/argentina\/wp-json\/wp\/v2\/users\/2"}],"replies":[{"embeddable":true,"href":"http:\/\/argentinamunicipal.com.ar\/argentina\/wp-json\/wp\/v2\/comments?post=149469"}],"version-history":[{"count":0,"href":"http:\/\/argentinamunicipal.com.ar\/argentina\/wp-json\/wp\/v2\/posts\/149469\/revisions"}],"wp:featuredmedia":[{"embeddable":true,"href":"http:\/\/argentinamunicipal.com.ar\/argentina\/wp-json\/wp\/v2\/media\/149470"}],"wp:attachment":[{"href":"http:\/\/argentinamunicipal.com.ar\/argentina\/wp-json\/wp\/v2\/media?parent=149469"}],"wp:term":[{"taxonomy":"category","embeddable":true,"href":"http:\/\/argentinamunicipal.com.ar\/argentina\/wp-json\/wp\/v2\/categories?post=149469"},{"taxonomy":"post_tag","embeddable":true,"href":"http:\/\/argentinamunicipal.com.ar\/argentina\/wp-json\/wp\/v2\/tags?post=149469"}],"curies":[{"name":"wp","href":"https:\/\/api.w.org\/{rel}","templated":true}]}}