{"id":149475,"date":"2024-08-26T05:02:08","date_gmt":"2024-08-26T08:02:08","guid":{"rendered":"http:\/\/argentinamunicipal.com.ar\/argentina\/?p=149475"},"modified":"2024-08-22T19:04:29","modified_gmt":"2024-08-22T22:04:29","slug":"malargue-las-razones-por-las-que-una-concejal-voto-en-contra-de-limitar-reelecciones","status":"publish","type":"post","link":"http:\/\/argentinamunicipal.com.ar\/argentina\/malargue-las-razones-por-las-que-una-concejal-voto-en-contra-de-limitar-reelecciones\/","title":{"rendered":"Malarg\u00fce: Las razones por las que una concejal vot\u00f3 en contra de limitar reelecciones"},"content":{"rendered":"<p>Se trata de Silvina Camiolo, de Reconstruyendo Malarg\u00fce. Fue el \u00fanico voto en contra para aprobar la ordenanza 2286 que limita la reelecci\u00f3n de los concejales sum\u00e1ndose a otros diez municipios.<\/p>\n<p>Malarg\u00fce se sum\u00f3 a la tendencia en Mendoza de limitar las reelecciones indefinidas de concejales. Ya son 11 los municipios que adoptan esta medida. La ordenanza 2286, fue aprobada a principios de agosto y se public\u00f3 este martes en el Bolet\u00edn Oficial con la firma del presidente del Concejo Deliberante, Rodrigo Hidalgo. Tuvo un voto en contra: el de Silvina Camiolo, de Reconstruyendo Malarg\u00fce quien profundiz\u00f3 su posici\u00f3n durante una entrevista en MDZ Radio 105.5 FM.<\/p>\n<p>La concejal explic\u00f3 que se trata de \u00abun proyecto que elabor\u00f3 el mismo intendente Celso Jaque. No lo present\u00f3 a trav\u00e9s de su bancada oficialista, sino de manera personal. Sum\u00e1ndose a proyectos de otros departamentos, pero b\u00e1sicamente de la mano del apoyo que tuvo por parte del se\u00f1or Ulpiano Su\u00e1rez. En este punto se pusieron de acuerdo, de hecho hubo reuniones cruzadas con ambos Concejos Deliberantes en los que se puso en agenda esta situaci\u00f3n que yo ve\u00eda intrascendente a la luz de de las exigencias que tiene nuestro departamento\u00bb.<\/p>\n<p>Camiolo coment\u00f3 ser \u00abla \u00fanica que vot\u00f3 en contra\u00bb y argument\u00f3 que no fue \u00abpor el objetivo de la ordenanza, sino por las formas en que se presenta. Me sorprende que quien hubiera abogado tanto tiempo por la reelecci\u00f3n de los gobernadores cuando fue gobernador, el intendente Jaque, ahora quiera limitar a los concejales\u00bb. La edil agreg\u00f3 que \u00aben este caso s\u00f3lo afecta a un concejal de la oposici\u00f3n, que no soy yo. Decid\u00ed votar en contra porque entend\u00eda que era muy direccionado a quienes no estamos en la bancada oficialista\u00bb.<\/p>\n<p>El\u00a0Concejo Deliberante\u00a0de Ciudad fue el primero en aprobar esta iniciativa y luego, de la mano del intendente Ulpiano Suarez, se extendi\u00f3 a otros departamentos. En este sentido\u00a0Camiolo\u00a0expres\u00f3 que el di\u00e1logo entre Jaque y Su\u00e1rez es \u00aben el marco de la amistad c\u00edvica, algo que celebro que haya intendentes de distintas acciones pol\u00edticas, poni\u00e9ndose de acuerdo en cuestiones de la pol\u00edtica. Pero s\u00ed me gustar\u00eda que se pusieran de acuerdo en otras otras tem\u00e1ticas que afectan al departamento y que son mucho m\u00e1s importantes, como la falta de trabajo, la cantidad de empresas que vienen diciendo que se van a sentar en\u00a0Malarg\u00fce\u00a0y traen todas las fuentes de afuera, que el municipio de\u00a0Malarg\u00fce\u00a0sea el municipio que m\u00e1s recursos le da a la provincia en tanto regal\u00edas y es el que menos recibe en cuanto a obra p\u00fablica. Me interesar\u00eda m\u00e1s que se pongan de acuerdo en los verdaderos problemas de la agenda de la gente y no en cuestiones que siento que son demagogia pura y que en este momento no resuelven ning\u00fan tipo de situaci\u00f3n grave de la ciudadan\u00eda. Pensemos que\u00a0Malarg\u00fce\u00a0solamente ha tenido en su historia tres concejales que se han reelegido en tres oportunidades. Y dos de ellos han sido justamente del partido del intendente\u00bb.<\/p>\n<p>A esto agreg\u00f3 que \u00abla gente tiene otras prioridades m\u00e1s que ver c\u00f3mo la rosca pol\u00edtica toma un proyecto de un intendente de otro color para traerlo a Malarg\u00fce como si esto fuera un gran gesto de la pol\u00edtica. Los grandes gestos de la pol\u00edtica son los convenios y los acuerdos intermunicipales para el crecimiento de la regi\u00f3n, que se luche porque el sur est\u00e9 en la agenda provincial y no que siempre sea postergado y termine siendo la canilla de la provincia\u00bb.<\/p>\n<p>Tambi\u00e9n cuestion\u00f3 \u00ablos formatos en que se intent\u00f3 dar la discusi\u00f3n, porque m\u00ednimamente pensamos trabajarlo en comisiones, pero la propuesta fue aprobarlo sin modificaciones, tal como ven\u00eda redactado por la Intendencia. Yo entiendo que avasalla la autonom\u00eda del Concejo Deliberante, que avasalla la autodeterminaci\u00f3n de la instituci\u00f3n y en ese punto no pienso ser funcional y tengo la tranquilidad de no tener que rendir cuentas m\u00e1s que a la ciudadan\u00eda que me vot\u00f3. Me encantar\u00eda que los partidos pol\u00edticos se pusieran de acuerdo en cuestiones trascendentales a la gente y no en esto, que la verdad no le cambia la vida a nadie\u00bb.<\/p>\n<h6>Fuente: MDZ<\/h6>\n","protected":false},"excerpt":{"rendered":"<p>Se trata de Silvina Camiolo, de Reconstruyendo Malarg\u00fce. Fue el \u00fanico voto en contra para aprobar la ordenanza 2286 que limita la reelecci\u00f3n de los concejales sum\u00e1ndose a otros diez municipios.<\/p>\n","protected":false},"author":2,"featured_media":149476,"comment_status":"closed","ping_status":"closed","sticky":false,"template":"","format":"standard","meta":{"footnotes":""},"categories":[4],"tags":[31],"class_list":["post-149475","post","type-post","status-publish","format-standard","has-post-thumbnail","hentry","category-informe-politico","tag-mendoza"],"_links":{"self":[{"href":"http:\/\/argentinamunicipal.com.ar\/argentina\/wp-json\/wp\/v2\/posts\/149475","targetHints":{"allow":["GET"]}}],"collection":[{"href":"http:\/\/argentinamunicipal.com.ar\/argentina\/wp-json\/wp\/v2\/posts"}],"about":[{"href":"http:\/\/argentinamunicipal.com.ar\/argentina\/wp-json\/wp\/v2\/types\/post"}],"author":[{"embeddable":true,"href":"http:\/\/argentinamunicipal.com.ar\/argentina\/wp-json\/wp\/v2\/users\/2"}],"replies":[{"embeddable":true,"href":"http:\/\/argentinamunicipal.com.ar\/argentina\/wp-json\/wp\/v2\/comments?post=149475"}],"version-history":[{"count":0,"href":"http:\/\/argentinamunicipal.com.ar\/argentina\/wp-json\/wp\/v2\/posts\/149475\/revisions"}],"wp:featuredmedia":[{"embeddable":true,"href":"http:\/\/argentinamunicipal.com.ar\/argentina\/wp-json\/wp\/v2\/media\/149476"}],"wp:attachment":[{"href":"http:\/\/argentinamunicipal.com.ar\/argentina\/wp-json\/wp\/v2\/media?parent=149475"}],"wp:term":[{"taxonomy":"category","embeddable":true,"href":"http:\/\/argentinamunicipal.com.ar\/argentina\/wp-json\/wp\/v2\/categories?post=149475"},{"taxonomy":"post_tag","embeddable":true,"href":"http:\/\/argentinamunicipal.com.ar\/argentina\/wp-json\/wp\/v2\/tags?post=149475"}],"curies":[{"name":"wp","href":"https:\/\/api.w.org\/{rel}","templated":true}]}}