{"id":149497,"date":"2024-08-23T05:23:21","date_gmt":"2024-08-23T08:23:21","guid":{"rendered":"http:\/\/argentinamunicipal.com.ar\/argentina\/?p=149497"},"modified":"2024-08-22T19:25:43","modified_gmt":"2024-08-22T22:25:43","slug":"rosario-tendra-un-programa-de-refugios-para-personas-en-situacion-de-calle","status":"publish","type":"post","link":"http:\/\/argentinamunicipal.com.ar\/argentina\/rosario-tendra-un-programa-de-refugios-para-personas-en-situacion-de-calle\/","title":{"rendered":"Rosario tendr\u00e1 un programa de refugios para personas en situaci\u00f3n de calle"},"content":{"rendered":"<p>La ordenanza establece espacios para refugios en edificios en distintas zonas de la ciudad, formaci\u00f3n y capacitaci\u00f3n laboral para las personas que los habiten y un espacio para Mujeres e infancias<\/p>\n<p>El Concejo Municipal aprobar\u00e1 este jueves una ordenanza de la concejala Norma L\u00f3pez destinada a las personas que est\u00e1n en situaci\u00f3n de calle. Al respecto, la edila peronista afirm\u00f3 que \u201clo que aprobar\u00e1 el Concejo es un conjunto de acciones superadoras al concepto de refugio transitorio, ofreciendo a la comunidad no solo permanecer durante las noches, sino tambi\u00e9n la posibilidad de formarse y sostenerse en espacios de contenci\u00f3n social\u201d.<\/p>\n<p>En abril de 2021 la Municipalidad de Rosario y la Universidad Nacional de Rosario (UNR) realizaron un Censo de Personas en Situaci\u00f3n de Calle, el cual arroj\u00f3 como resultado que en Rosario, en ese momento, exist\u00edan 492 personas habitando las calles de la ciudad, de las cuales el 84% son hombres y el 16% mujeres. Se estima que al d\u00eda de hoy ese n\u00famero aument\u00f3 considerablemente. El programa presentado por la Concejala de Comunidad, contempla a su vez la creaci\u00f3n de espacios espec\u00edficos para Mujeres e Infancias, garantizando que el cuidado y la Perspectiva de G\u00e9nero sean transversales a las pol\u00edticas e intervenciones que se lleven adelante en los espacios f\u00edsicos destinados al programa. \u201cEs muy importante lo que aprobaremos hoy porque adem\u00e1s Rosario no cuenta con espacios para recibir mujeres con ni\u00f1os, mujeres adultas mayores, ni Personas con Discapacidad donde al menos pasar la noche, poder asearse y acceder a una comida caliente\u201d, asegur\u00f3 L\u00f3pez.<\/p>\n<p>\u201cLos edificios asignados para dicho programa deber\u00e1n ser propiedad del Estado Municipal, Provincial, Nacional, o edificios con los que ya existan convenios vigentes de organizaciones civiles, fundaciones, ONG con la Municipalidad, incluyendo fundamentalmente aquellos que al d\u00eda de la fecha est\u00e1n destinados a fines an\u00e1logos a los que plantea la Ordenanza en cuesti\u00f3n. Estos inmuebles deber\u00e1n garantizar el uso del espacio en los aspectos vinculados a las problem\u00e1ticas sociales, no s\u00f3lo brindando a los ciudadanos y ciudadanas en situaci\u00f3n de calle un lugar donde pasar la noche, aseo, cama y comida caliente, sino que adem\u00e1s deber\u00e1n garantizar herramientas para formaci\u00f3n y capacitaci\u00f3n laboral de quienes habiten esos espacios\u201d, finaliz\u00f3 la referente de Comunidad Rosario.<\/p>\n<h6>Fuente: El ciudadano<\/h6>\n","protected":false},"excerpt":{"rendered":"<p>La ordenanza establece espacios para refugios en edificios en distintas zonas de la ciudad, formaci\u00f3n y capacitaci\u00f3n laboral para las personas que los habiten y un espacio para Mujeres e infancias<\/p>\n","protected":false},"author":2,"featured_media":149498,"comment_status":"closed","ping_status":"closed","sticky":false,"template":"","format":"standard","meta":{"footnotes":""},"categories":[2],"tags":[10],"class_list":["post-149497","post","type-post","status-publish","format-standard","has-post-thumbnail","hentry","category-informe-municipal","tag-santa-fe"],"_links":{"self":[{"href":"http:\/\/argentinamunicipal.com.ar\/argentina\/wp-json\/wp\/v2\/posts\/149497","targetHints":{"allow":["GET"]}}],"collection":[{"href":"http:\/\/argentinamunicipal.com.ar\/argentina\/wp-json\/wp\/v2\/posts"}],"about":[{"href":"http:\/\/argentinamunicipal.com.ar\/argentina\/wp-json\/wp\/v2\/types\/post"}],"author":[{"embeddable":true,"href":"http:\/\/argentinamunicipal.com.ar\/argentina\/wp-json\/wp\/v2\/users\/2"}],"replies":[{"embeddable":true,"href":"http:\/\/argentinamunicipal.com.ar\/argentina\/wp-json\/wp\/v2\/comments?post=149497"}],"version-history":[{"count":0,"href":"http:\/\/argentinamunicipal.com.ar\/argentina\/wp-json\/wp\/v2\/posts\/149497\/revisions"}],"wp:featuredmedia":[{"embeddable":true,"href":"http:\/\/argentinamunicipal.com.ar\/argentina\/wp-json\/wp\/v2\/media\/149498"}],"wp:attachment":[{"href":"http:\/\/argentinamunicipal.com.ar\/argentina\/wp-json\/wp\/v2\/media?parent=149497"}],"wp:term":[{"taxonomy":"category","embeddable":true,"href":"http:\/\/argentinamunicipal.com.ar\/argentina\/wp-json\/wp\/v2\/categories?post=149497"},{"taxonomy":"post_tag","embeddable":true,"href":"http:\/\/argentinamunicipal.com.ar\/argentina\/wp-json\/wp\/v2\/tags?post=149497"}],"curies":[{"name":"wp","href":"https:\/\/api.w.org\/{rel}","templated":true}]}}