{"id":149519,"date":"2024-08-23T06:10:54","date_gmt":"2024-08-23T09:10:54","guid":{"rendered":"http:\/\/argentinamunicipal.com.ar\/argentina\/?p=149519"},"modified":"2024-08-23T06:14:47","modified_gmt":"2024-08-23T09:14:47","slug":"documental-ikatsi-una-mirada-profunda-a-la-vida-de-la-comunidad-wichi","status":"publish","type":"post","link":"http:\/\/argentinamunicipal.com.ar\/argentina\/documental-ikatsi-una-mirada-profunda-a-la-vida-de-la-comunidad-wichi\/","title":{"rendered":"Documental Ikatsi: una mirada profunda a la vida de la Comunidad Wich\u00ed"},"content":{"rendered":"<p>Estudiantes de comunicaci\u00f3n audiovisual de la Universidad Blas Pascal lanzaron un film que retrata la realidad de comunidades Wich\u00ed en la provincia de Salta.<\/p>\n<p>Estudiantes recientemente graduados de la Licenciatura en Comunicaci\u00f3n Audiovisual de la Universidad Blas Pascal presentaron un proyecto que no solo marca el final de su etapa universitaria, sino que tambi\u00e9n busca ser un faro de conciencia y reflexi\u00f3n.<\/p>\n<p>Se trata del cortometraje documental\u00a0\u201cIkatsi: Voces de Comunidades Wich\u00ed\u201d,\u00a0una obra que, a trav\u00e9s de la lente de estos j\u00f3venes realizadores, nos acerca a la cruda realidad de las comunidades Wich\u00ed en la provincia de Salta, Argentina.<\/p>\n<p>Desarrollado en colaboraci\u00f3n con la\u00a0Asociaci\u00f3n Civil\u00a0\u201cTodo por Todos\u201d,\u00a0este proyecto naci\u00f3 con la intenci\u00f3n de visibilizar las dificultades y desaf\u00edos que enfrenta esta comunidad ind\u00edgena, una de las m\u00e1s postergadas del pa\u00eds. Durante tres intensos d\u00edas de convivencia en el monte, los estudiantes pudieron captar no solo las im\u00e1genes, sino tambi\u00e9n las historias de vida de quienes, d\u00eda a d\u00eda, lidian con un sistema de salud precario, una educaci\u00f3n superior casi inexistente y una econom\u00eda asfixiante. Estos factores han sumido a la comunidad en una pobreza estructural que parece no tener fin.<\/p>\n<p>\u201cIkatsi\u201d, un t\u00e9rmino que en la lengua Wich\u00ed significa \u201cestar ah\u00ed\u201d,\u00a0se convierte en mucho m\u00e1s que un t\u00edtulo; es una invitaci\u00f3n a la audiencia a sumergirse en una realidad que, a menudo, queda relegada a los m\u00e1rgenes de la sociedad. A trav\u00e9s de los testimonios recogidos, el cortometraje no solo revela los desaf\u00edos de la vida cotidiana en estas comunidades, sino que tambi\u00e9n destaca la importancia de la educaci\u00f3n como una v\u00eda de escape, especialmente para los j\u00f3venes. Para ellos, el estudio representa una esperanza tangible para superar la pobreza, el consumo de drogas y la falta de oportunidades.<\/p>\n<p>Azul Hemmerling y Guillermina Pereda,\u00a0productoras del cortometraje, junto con\u00a0Santiago Vegas Pejkovic,\u00a0el director, son los principales art\u00edfices de esta obra que busca romper con la indiferencia y generar un impacto profundo en quienes la vean. El estreno de\u00a0\u201cIkatsi: Voces de Comunidades Wich\u00ed\u201d\u00a0no es solo la culminaci\u00f3n de un proyecto acad\u00e9mico, sino un poderoso llamado a la acci\u00f3n para que las historias de esta comunidad no queden en el olvido y sean escuchadas con la urgencia que merecen.<\/p>\n<p>El documental \u201cIkatsi: Voces de Comunidades Wich\u00ed\u201d est\u00e1 disponible en YouTube<\/p>\n<h6>Fuente: Cba24n.com.ar<\/h6>\n","protected":false},"excerpt":{"rendered":"<p>Estudiantes de comunicaci\u00f3n audiovisual de la Universidad Blas Pascal lanzaron un film que retrata la realidad de comunidades Wich\u00ed en la provincia de Salta.<\/p>\n","protected":false},"author":2,"featured_media":149522,"comment_status":"closed","ping_status":"closed","sticky":false,"template":"","format":"standard","meta":{"footnotes":""},"categories":[47],"tags":[9],"class_list":["post-149519","post","type-post","status-publish","format-standard","has-post-thumbnail","hentry","category-fiestas","tag-salta"],"_links":{"self":[{"href":"http:\/\/argentinamunicipal.com.ar\/argentina\/wp-json\/wp\/v2\/posts\/149519","targetHints":{"allow":["GET"]}}],"collection":[{"href":"http:\/\/argentinamunicipal.com.ar\/argentina\/wp-json\/wp\/v2\/posts"}],"about":[{"href":"http:\/\/argentinamunicipal.com.ar\/argentina\/wp-json\/wp\/v2\/types\/post"}],"author":[{"embeddable":true,"href":"http:\/\/argentinamunicipal.com.ar\/argentina\/wp-json\/wp\/v2\/users\/2"}],"replies":[{"embeddable":true,"href":"http:\/\/argentinamunicipal.com.ar\/argentina\/wp-json\/wp\/v2\/comments?post=149519"}],"version-history":[{"count":0,"href":"http:\/\/argentinamunicipal.com.ar\/argentina\/wp-json\/wp\/v2\/posts\/149519\/revisions"}],"wp:featuredmedia":[{"embeddable":true,"href":"http:\/\/argentinamunicipal.com.ar\/argentina\/wp-json\/wp\/v2\/media\/149522"}],"wp:attachment":[{"href":"http:\/\/argentinamunicipal.com.ar\/argentina\/wp-json\/wp\/v2\/media?parent=149519"}],"wp:term":[{"taxonomy":"category","embeddable":true,"href":"http:\/\/argentinamunicipal.com.ar\/argentina\/wp-json\/wp\/v2\/categories?post=149519"},{"taxonomy":"post_tag","embeddable":true,"href":"http:\/\/argentinamunicipal.com.ar\/argentina\/wp-json\/wp\/v2\/tags?post=149519"}],"curies":[{"name":"wp","href":"https:\/\/api.w.org\/{rel}","templated":true}]}}