{"id":149524,"date":"2024-08-26T06:08:17","date_gmt":"2024-08-26T09:08:17","guid":{"rendered":"http:\/\/argentinamunicipal.com.ar\/argentina\/?p=149524"},"modified":"2024-08-26T06:08:17","modified_gmt":"2024-08-26T09:08:17","slug":"oncativo-empleados-municipales-devuelven-horas-no-trabajadas-realizando-acciones-de-impacto-social","status":"publish","type":"post","link":"http:\/\/argentinamunicipal.com.ar\/argentina\/oncativo-empleados-municipales-devuelven-horas-no-trabajadas-realizando-acciones-de-impacto-social\/","title":{"rendered":"Oncativo: Empleados municipales \u201cdevuelven\u201d horas no trabajadas realizando acciones de impacto social"},"content":{"rendered":"<p>El gremio exig\u00eda una recomposici\u00f3n salarial. El ejecutivo municipal aduc\u00eda convenios por encima de la inflaci\u00f3n real. Finalmente llegaron a un acuerdo.<\/p>\n<p>Semanas de arduas negociaciones se llevaron a cabo en Oncativo, en el departamento R\u00edo Segundo, donde los empleados municipales protagonizaron diferentes asambleas en reclamo a una recomposici\u00f3n laboral. Finalmente hubo acuerdo entre el municipio y el sindicato.<\/p>\n<p>Desde la parte gremial se exig\u00eda una recomposici\u00f3n salarial, mientras que del ejecutivo municipal sosten\u00eda que se ven\u00edan realizando convenios mensuales o trimestrales por encima de la inflaci\u00f3n real.<\/p>\n<p>Finalmente, y tras varias asambleas realizadas, ambas partes reconocieron que el conflicto se hab\u00eda suscitado por \u201cla falta de entendimiento\u201d, acordando poner fin al desacuerdo que dio origen a asambleas y movilizaciones.<\/p>\n<p>Esas acciones -reconocen- dificultaron la prestaci\u00f3n de servicios, por lo cual desde el sindicato manifestaron la voluntad de compensar con la devoluci\u00f3n de las 10 horas no trabajadas por parte de todo el personal adherido a las medidas de fuerza, de modo que no les sean descontadas a los trabajadores.<\/p>\n<p>En ese sentido, la Municipalidad acept\u00f3 la iniciativa. Por eso, este s\u00e1bado se est\u00e1n llevando a cabo distintas acciones, obras y mantenimientos.<\/p>\n<p>Durante la ma\u00f1ana, trabajadores municipales pintaron la fachada del cementerio y realizaron el mantenimiento de espacios verdes, entre otras.<\/p>\n<p>\u201cEsta es una forma de ejercer el orden y principalmente el compromiso con el vecino de Oncativo que paga sus impuestos para que la gente trabaje, para que los empleados respondan y que hagan las transformaciones que hacen falta\u201d, ponder\u00f3 el intendente Nicol\u00e1s Filoni.<\/p>\n<h6>Fuente: La Voz<\/h6>\n","protected":false},"excerpt":{"rendered":"<p>El gremio exig\u00eda una recomposici\u00f3n salarial. El ejecutivo municipal aduc\u00eda convenios por encima de la inflaci\u00f3n real. Finalmente llegaron a un acuerdo.<\/p>\n","protected":false},"author":2,"featured_media":149526,"comment_status":"closed","ping_status":"closed","sticky":false,"template":"","format":"standard","meta":{"footnotes":""},"categories":[7],"tags":[3],"class_list":["post-149524","post","type-post","status-publish","format-standard","has-post-thumbnail","hentry","category-informe-sindical","tag-cordoba"],"_links":{"self":[{"href":"http:\/\/argentinamunicipal.com.ar\/argentina\/wp-json\/wp\/v2\/posts\/149524","targetHints":{"allow":["GET"]}}],"collection":[{"href":"http:\/\/argentinamunicipal.com.ar\/argentina\/wp-json\/wp\/v2\/posts"}],"about":[{"href":"http:\/\/argentinamunicipal.com.ar\/argentina\/wp-json\/wp\/v2\/types\/post"}],"author":[{"embeddable":true,"href":"http:\/\/argentinamunicipal.com.ar\/argentina\/wp-json\/wp\/v2\/users\/2"}],"replies":[{"embeddable":true,"href":"http:\/\/argentinamunicipal.com.ar\/argentina\/wp-json\/wp\/v2\/comments?post=149524"}],"version-history":[{"count":0,"href":"http:\/\/argentinamunicipal.com.ar\/argentina\/wp-json\/wp\/v2\/posts\/149524\/revisions"}],"wp:featuredmedia":[{"embeddable":true,"href":"http:\/\/argentinamunicipal.com.ar\/argentina\/wp-json\/wp\/v2\/media\/149526"}],"wp:attachment":[{"href":"http:\/\/argentinamunicipal.com.ar\/argentina\/wp-json\/wp\/v2\/media?parent=149524"}],"wp:term":[{"taxonomy":"category","embeddable":true,"href":"http:\/\/argentinamunicipal.com.ar\/argentina\/wp-json\/wp\/v2\/categories?post=149524"},{"taxonomy":"post_tag","embeddable":true,"href":"http:\/\/argentinamunicipal.com.ar\/argentina\/wp-json\/wp\/v2\/tags?post=149524"}],"curies":[{"name":"wp","href":"https:\/\/api.w.org\/{rel}","templated":true}]}}