{"id":149559,"date":"2024-08-27T06:09:46","date_gmt":"2024-08-27T09:09:46","guid":{"rendered":"http:\/\/argentinamunicipal.com.ar\/argentina\/?p=149559"},"modified":"2024-08-27T06:09:46","modified_gmt":"2024-08-27T09:09:46","slug":"rafaela-celebra-la-semana-del-arbol","status":"publish","type":"post","link":"http:\/\/argentinamunicipal.com.ar\/argentina\/rafaela-celebra-la-semana-del-arbol\/","title":{"rendered":"Rafaela celebra la Semana del \u00c1rbol"},"content":{"rendered":"<p>Se celebra del 26 al 30 de agosto en la Argentina. En Rafaela, el municipio llevar\u00e1 adelante diversas acciones para celebrarlo, como jornadas de forestaci\u00f3n y espacios de concientizaci\u00f3n.<\/p>\n<p>Los \u00e1rboles aportan valor de manera natural al entorno urbano, contribuyendo al bienestar de la ciudadan\u00eda y al equilibrio del ecosistema ciudadano. Su presencia enriquece nuestra ciudad, refuerza el patrimonio de la comunidad, brindando una serie de ventajas que incluyen aspectos ambientales, urbanos y sociales.<\/p>\n<p>El Gobierno municipal, a trav\u00e9s de la Secretar\u00eda de Servicios y Ambiente y del Instituto para el Desarrollo Sustentable, trabaja de manera continua con planes de acci\u00f3n vinculados con el arbolado p\u00fablico, el aumento de la masa arb\u00f3rea y el cuidado del ambiente en nuestra ciudad.<\/p>\n<p>En este sentido, considerando que del 26 al 30 de Agosto se celebra la Semana del \u00c1rbol en la Argentina, en Rafaela el municipio llevar\u00e1 adelante diversas acciones para celebrarlo.<\/p>\n<p>Actividades<\/p>\n<p>El lunes 26 de agosto, profesionales del programa Instituciones Sustentables y las Promotoras Ambientales, brindar\u00e1n una charla sobre huella de carbono y arbolado a estudiantes de la Escuela Nacional.<\/p>\n<p>El martes 27 de agosto, junto con las empresas VMC y Cormor\u00e1n, el IDSR plantar\u00e1 60 especies nativas en las lagunas de retardos de Barrio Mora, completando el proyecto de regeneraci\u00f3n urbana proyectado en el sector, en el marco del programa Instituciones Sustentables.<\/p>\n<p>El jueves 29 de agosto, D\u00eda del \u00c1rbol, se realizar\u00e1 una jornada de plantaci\u00f3n de especies nativas en la Escuela Normal, junto a docentes y estudiantes.<\/p>\n<p>Finalmente, el viernes 30 de agosto, en el marco de la Ley Yolanda, la Municipalidad de Rafaela realizar\u00e1 el primer encuentro de formaci\u00f3n integral en ambiente con perspectiva en desarrollo sostenible y cambio clim\u00e1tico, para quienes se desempe\u00f1an en la funci\u00f3n p\u00fablica. Que en su contenido aborda el valor del arbolado urbano para el cuidado de la salud, la poblaci\u00f3n y el ambiente.Todas estas iniciativas forman parte de Rafaela Sustentable, uno de los ejes de Gobierno que se priorizan desde el municipio.Para m\u00e1s informaci\u00f3n se pueden comunicar con el Instituto para el Desarrollo Sustentable de Rafaela al tel\u00e9fono (03492) 15507915.<\/p>\n<h6>Fuente: Sin Mordaza<\/h6>\n","protected":false},"excerpt":{"rendered":"<p>Se celebra del 26 al 30 de agosto en la Argentina. En Rafaela, el municipio llevar\u00e1 adelante diversas acciones para celebrarlo, como jornadas de forestaci\u00f3n y espacios de concientizaci\u00f3n.<\/p>\n","protected":false},"author":2,"featured_media":149560,"comment_status":"closed","ping_status":"closed","sticky":false,"template":"","format":"standard","meta":{"footnotes":""},"categories":[2],"tags":[10],"class_list":["post-149559","post","type-post","status-publish","format-standard","has-post-thumbnail","hentry","category-informe-municipal","tag-santa-fe"],"_links":{"self":[{"href":"http:\/\/argentinamunicipal.com.ar\/argentina\/wp-json\/wp\/v2\/posts\/149559","targetHints":{"allow":["GET"]}}],"collection":[{"href":"http:\/\/argentinamunicipal.com.ar\/argentina\/wp-json\/wp\/v2\/posts"}],"about":[{"href":"http:\/\/argentinamunicipal.com.ar\/argentina\/wp-json\/wp\/v2\/types\/post"}],"author":[{"embeddable":true,"href":"http:\/\/argentinamunicipal.com.ar\/argentina\/wp-json\/wp\/v2\/users\/2"}],"replies":[{"embeddable":true,"href":"http:\/\/argentinamunicipal.com.ar\/argentina\/wp-json\/wp\/v2\/comments?post=149559"}],"version-history":[{"count":0,"href":"http:\/\/argentinamunicipal.com.ar\/argentina\/wp-json\/wp\/v2\/posts\/149559\/revisions"}],"wp:featuredmedia":[{"embeddable":true,"href":"http:\/\/argentinamunicipal.com.ar\/argentina\/wp-json\/wp\/v2\/media\/149560"}],"wp:attachment":[{"href":"http:\/\/argentinamunicipal.com.ar\/argentina\/wp-json\/wp\/v2\/media?parent=149559"}],"wp:term":[{"taxonomy":"category","embeddable":true,"href":"http:\/\/argentinamunicipal.com.ar\/argentina\/wp-json\/wp\/v2\/categories?post=149559"},{"taxonomy":"post_tag","embeddable":true,"href":"http:\/\/argentinamunicipal.com.ar\/argentina\/wp-json\/wp\/v2\/tags?post=149559"}],"curies":[{"name":"wp","href":"https:\/\/api.w.org\/{rel}","templated":true}]}}