{"id":149580,"date":"2024-08-28T05:32:49","date_gmt":"2024-08-28T08:32:49","guid":{"rendered":"http:\/\/argentinamunicipal.com.ar\/argentina\/?p=149580"},"modified":"2024-08-27T18:50:50","modified_gmt":"2024-08-27T21:50:50","slug":"milei-es-lo-peor-chocolate-por-la-noticia","status":"publish","type":"post","link":"http:\/\/argentinamunicipal.com.ar\/argentina\/milei-es-lo-peor-chocolate-por-la-noticia\/","title":{"rendered":"Milei es lo peor, \u201cchocolate por la noticia\u201d"},"content":{"rendered":"<p>Milei es lo peor que nos pod\u00eda suceder, decimos, aseguramos.<\/p>\n<p>Macri es lo peor que nos pod\u00eda suceder, dec\u00edamos, asegur\u00e1bamos.<\/p>\n<p>Para interrumpir la embestida Macrista, se junt\u00f3 mucho de lo peor de otros espacios.<\/p>\n<p>Para terminar con la devastaci\u00f3n Mileista, se juntar\u00e1 mucho de lo peor que hasta mediados de 2027 se pueda acopiar.<\/p>\n<p>Decimos eso (antes de continuar), reconociendo las enormes limitaciones que tenemos desde los sectores de izquierda, para lograr ser observados como alternativa a tanta porquer\u00eda.<\/p>\n<p>Y por supuesto, sumado el rol de casi todos los medios de \u201cincomunicaci\u00f3n y confusi\u00f3n\u201d (alimentados con la letra que ofrecen partidos o frentes pol\u00edticos mayoritarios), para impedir que espacios seriamente cuestionadores, y comprometidos, consigan asomar sus cabezas.<\/p>\n<p>Las principales expresiones partidarias: las dos, o tres, o cuatro (a esta altura poco importa), est\u00e1n muy tranquilas. Son \u201cdistintas\u201d, se putean, se escrachan, se chicanean, se denuncian. Pero tienen muy claro que no van a permitir el ascenso de espacios, que a\u00fan peque\u00f1os, logren interpelar, y puedan provocar en las mayor\u00edas la idea de organizaci\u00f3n para parir algo absolutamente distinto.<\/p>\n<p>Su m\u00e1xima preocupaci\u00f3n\/ocupaci\u00f3n pasa por diferenciarse de lo otro. Con un poquito todos los d\u00edas les estuvo alcanzando. Operan, operan, operan, y les viene saliendo muy bien.<\/p>\n<p>Desde sus estructuras crearon una mentirosa \u201cgrieta\u201d. Transformando todo en algo insoportable, vomitivo y peligroso a la vez.<\/p>\n<p>Gran parte de nuestro pueblo las sigue viendo como alternativas. Y usando sus sabrosos argumentos (de un lado y de otro), justifican sus decisiones, posiciones y acciones. Y en buena parte, sus \u201cno-acciones\u201d.<\/p>\n<p>La mencionada grieta gener\u00f3 en los \u00faltimos veinte a\u00f1os, la rotura de lazos sociales y familiares, como nunca antes experimentamos.<\/p>\n<p>Buena parte de las argentinas y argentinos est\u00e1n distanciados\/as de seres queridos (amigos\/as, compa\u00f1eros\/as, padres, hermanos\/as, parejas, vecinos\/as). Es una verdadera \u201clocura\u201d. \u00bfC\u00f3mo nos permitimos herirnos tanto?. Semejante estupidez, debe provocar mucha risa en esa dirigencia pol\u00edtica que mira desde arriba frot\u00e1ndose las manos, como nos peleamos abajo, y alimentamos la dispersi\u00f3n que necesitan.<\/p>\n<p>Est\u00e1 claro que la llegada de Milei es lo peor que nos pod\u00eda pasar, hasta ahora. Y que es multicausal, como se dice por ah\u00ed.<\/p>\n<p>De todas maneras creemos que las causas principales hay que encontrarlas en el horrible pa\u00eds que ten\u00edamos hasta antes de las elecciones de 2023.<\/p>\n<p>Por m\u00e1s avance derechoso\/fascista a nivel global, como\u00a0 muchos insisten. Por m\u00e1s sectores olig\u00e1rquicos, miserables, insensibles, pero que siempre existieron en nuestro pa\u00eds. Si la sociedad toda hubiese tenido, al menos, las necesidades b\u00e1sicas cubiertas, si no hubi\u00e9semos llegado a los niveles de pobreza, indigencia, de deterioro rotundo de la vida, no hubiese sido posible que personajes tan horribles lleguen a la Casa Rosada.<\/p>\n<p>Creemos que los l\u00edmites, si es que existieron alguna vez, se fueron corriendo. Y nunca hacia a la izquierda, est\u00e1 muy claro.<\/p>\n<p>El llamado \u201cprogresismo\u201d, llev\u00f3 adelante innumerables pol\u00edticas antipopulares. Sin embargo, millones callaron, miraron para otro lado, y hasta justificaron. Paralelamente, otros millones cuestionamos, expusimos, denunciamos. Nos llamaron \u201cgorilas\u201d, \u201cgolpistas\u201d, \u201cirresponsables\u201d, \u201cinmaduros\u201d, \u201cantiperonistas\u201d, \u201cfuncionales a la derecha\u201d, y un largu\u00edsimo etc\u00e9tera.<\/p>\n<p>Si hubiesen destinado toda esa energ\u00eda en cuestionar cada pol\u00edtica mala y da\u00f1ina (gobierne quien gobierne), y tratar de sumar y organizar para construir lo que necesitamos, seguramente tendr\u00edamos otro pa\u00eds. Y no se hubiese puesto en riesgo la democracia, como est\u00e1 sucediendo.<\/p>\n<p>Millones apoyaron, acompa\u00f1aron y defendieron, a quienes delante de nuestras narices fueron entregando el territorio que habitamos, a las corporaciones saqueadoras de los pa\u00edses centrales (tambi\u00e9n locales). El extractivismo adoptado como pol\u00edtica de estado desde hace d\u00e9cadas, vulnerando los derechos de la naturaleza y violando los derechos humanos, se fue validando.<\/p>\n<p>La dirigencia logr\u00f3 instalar la idea de \u201clo posible\u201d, e impuso una l\u00f3gica entreguista, corrupta y represora, que se fue aceptando, y solo cuestionando cuando no se ejerc\u00eda el poder. La \u201cdoble vara\u201d, que le dicen.<\/p>\n<p>Much\u00edsima gente, como siempre, entendemos que en tiempos de Milei y compa\u00f1\u00eda, hay que resistir, luchar, y\u00a0 encontrarnos con muchos y muchas m\u00e1s, abrazarnos y organizarnos. Tozudamente, insistir en la idea de parir algo absolutamente superador y rotundamente distinto a todo lo que viene gobernando la Argentina desde hace cuatro d\u00e9cadas.<\/p>\n<p>Tenemos que exigirnos m\u00e1s democracia real, en todos nuestros lugares, en todas nuestras pr\u00e1cticas.<\/p>\n<p>Dejar de se\u00f1alar \u201cc\u00f3modamente\u201d a quienes votan a nuestros verdugos. Y con toda responsabilidad, empezar a decir NO a todo lo que nos haga da\u00f1o (venga de quien venga). Sacarnos las est\u00fapidas y peligrosas mochilas que llevamos encima, y dejar de creerles a quienes, de manera descarada o disfraz\u00e1ndose de lo que necesitaron o necesitan, deciden quien vive y quien muere en nuestro pa\u00eds.<\/p>\n<p>Por: Mauricio Cornaglia<\/p>\n<h6>Fuente: El Ciudadano<\/h6>\n","protected":false},"excerpt":{"rendered":"<p>Milei es lo peor que nos pod\u00eda suceder, decimos, aseguramos.<\/p>\n","protected":false},"author":2,"featured_media":149581,"comment_status":"closed","ping_status":"closed","sticky":false,"template":"","format":"standard","meta":{"footnotes":""},"categories":[6],"tags":[21],"class_list":["post-149580","post","type-post","status-publish","format-standard","has-post-thumbnail","hentry","category-opiniones","tag-argentina"],"_links":{"self":[{"href":"http:\/\/argentinamunicipal.com.ar\/argentina\/wp-json\/wp\/v2\/posts\/149580","targetHints":{"allow":["GET"]}}],"collection":[{"href":"http:\/\/argentinamunicipal.com.ar\/argentina\/wp-json\/wp\/v2\/posts"}],"about":[{"href":"http:\/\/argentinamunicipal.com.ar\/argentina\/wp-json\/wp\/v2\/types\/post"}],"author":[{"embeddable":true,"href":"http:\/\/argentinamunicipal.com.ar\/argentina\/wp-json\/wp\/v2\/users\/2"}],"replies":[{"embeddable":true,"href":"http:\/\/argentinamunicipal.com.ar\/argentina\/wp-json\/wp\/v2\/comments?post=149580"}],"version-history":[{"count":0,"href":"http:\/\/argentinamunicipal.com.ar\/argentina\/wp-json\/wp\/v2\/posts\/149580\/revisions"}],"wp:featuredmedia":[{"embeddable":true,"href":"http:\/\/argentinamunicipal.com.ar\/argentina\/wp-json\/wp\/v2\/media\/149581"}],"wp:attachment":[{"href":"http:\/\/argentinamunicipal.com.ar\/argentina\/wp-json\/wp\/v2\/media?parent=149580"}],"wp:term":[{"taxonomy":"category","embeddable":true,"href":"http:\/\/argentinamunicipal.com.ar\/argentina\/wp-json\/wp\/v2\/categories?post=149580"},{"taxonomy":"post_tag","embeddable":true,"href":"http:\/\/argentinamunicipal.com.ar\/argentina\/wp-json\/wp\/v2\/tags?post=149580"}],"curies":[{"name":"wp","href":"https:\/\/api.w.org\/{rel}","templated":true}]}}