{"id":149586,"date":"2024-08-28T04:54:09","date_gmt":"2024-08-28T07:54:09","guid":{"rendered":"http:\/\/argentinamunicipal.com.ar\/argentina\/?p=149586"},"modified":"2024-08-27T18:59:01","modified_gmt":"2024-08-27T21:59:01","slug":"el-intendente-de-rosario-disertara-en-el-4-foro-de-desarrollo-economico-local-para-america-latina-y-el-caribe-en-montevideo","status":"publish","type":"post","link":"http:\/\/argentinamunicipal.com.ar\/argentina\/el-intendente-de-rosario-disertara-en-el-4-foro-de-desarrollo-economico-local-para-america-latina-y-el-caribe-en-montevideo\/","title":{"rendered":"El intendente de Rosario disertar\u00e1 en el 4\u00b0 Foro de Desarrollo Econ\u00f3mico Local para Am\u00e9rica Latina y el Caribe en Montevideo"},"content":{"rendered":"<p>El intendente Pablo Javkin participar\u00e1 del 4\u00b0 Foro de Desarrollo Econ\u00f3mico Local para Am\u00e9rica Latina y el Caribe, que tendr\u00e1 lugar en la localidad de Montevideo (Uruguay) del 26 al 28 de agosto. Este evento, organizado por el Programa de las Naciones Unidas para el Desarrollo (PNUD), reunir\u00e1 a destacados l\u00edderes y expertos de la regi\u00f3n con el objetivo de debatir y reflexionar sobre el desarrollo territorial sostenible.<\/p>\n<p>El encuentro, antesala del\u00a0Foro Mundial de Desarrollo Econ\u00f3mico Local\u00a0que tendr\u00e1 lugar en Sevilla (Espa\u00f1a) en abril de 2025, ser\u00e1 un espacio para el intercambio de buenas pr\u00e1cticas y la promoci\u00f3n de la colaboraci\u00f3n entre pa\u00edses, gobiernos locales, organismos internacionales, academia, organizaciones de la sociedad civil y el sector privado. Con el tema central \u00abAlianzas territoriales y desaf\u00edos en el modelo econ\u00f3mico de desarrollo local en Am\u00e9rica Latina y el Caribe\u00bb, en su transcurso se abordar\u00e1n iniciativas sostenibles que buscan enfrentar los desaf\u00edos espec\u00edficos de cada territorio.<\/p>\n<p>En la oportunidad, Javkin ser\u00e1 uno de los oradores en el panel titulado \u00abTransformando la gesti\u00f3n p\u00fablica, innovaci\u00f3n para el desarrollo territorial\u00bb, que se llevar\u00e1 a cabo el martes 27, en el que compartir\u00e1 la experiencia de Rosario en la implementaci\u00f3n de pol\u00edticas p\u00fablicas innovadoras orientadas al desarrollo sostenible.<\/p>\n<p>Entre los panelistas que acompa\u00f1ar\u00e1n a mandatario rosarino se encuentran Luciana Binaghi Getar, directora General de la Uni\u00f3n de Ciudades Capitales Iberoamericanas (UCCI); Francisco Pereira, asesor del Ministerio de Relaciones Institucionales de Brasil; Mart\u00edn Pardo, de la Universidad Claeh; Diego Garc\u00eda Da Rosa, gerente territorial de la Agencia Nacional de Desarrollo (ANDE); Paola Florio, del Laboratorio de Innovaci\u00f3n Territorial (LIT) de la Intendencia de Canelones, Uruguay; Cristina Zurbriggen, Investigadora de la Universidad de la Rep\u00fablica (Udelar), y M\u00f3nica Urbina, Jefa de Inclusi\u00f3n Social y Proyecto de Gesti\u00f3n de Personas y Bienestar Organizacional de la Corporaci\u00f3n Yunus, Municipio de Pe\u00f1alol\u00e9n, Chile. La moderaci\u00f3n del panel estar\u00e1 a cargo de Virginia Varela y Gemma Aguado, del PNUD.<\/p>\n<p>Adem\u00e1s,\u00a0el mandatario mantendr\u00e1\u00a0una reuni\u00f3n bilateral con funcionarios de la ciudad hermana de Montevideo, para avanzar en el desarrollo de distintas agendas en com\u00fan.<\/p>\n<p>Reuni\u00f3n de Direcci\u00f3n Ejecutiva de Mercociudades<br \/>\nEn el marco del Foro, se llevar\u00e1 cabo la reuni\u00f3n de la Direcci\u00f3n Ejecutiva de Mercociudades, cuya agenda prev\u00e9 la aprobaci\u00f3n de los documentos de posicionamiento de los gobiernos locales de la regi\u00f3n ante la COP 16 de Biodiversidad y la COP 29 de Cambio Clim\u00e1tico -a celebrarse en noviembre y diciembre 2024 en Santiago de Cali (Colombia) y Bak\u00fa (Azerbaiy\u00e1n), respectivamente-, en los cuales la ciudad de Rosario, desde la vicepresidencia de Desarrollo Econ\u00f3mico Sostenible y Cambio Clim\u00e1tico que detenta, ha construido y debatido junto a las las ciudades de la red, a fin de incidir en estos \u00e1mbitos globales de decisi\u00f3n que involucran soluciones a los problemas que la agenda urbana plantea en materia de desarrollo social y econ\u00f3mico con impactos ambientales positivos.<\/p>\n<h6>Fuente: EconomiaReal.ar<\/h6>\n","protected":false},"excerpt":{"rendered":"<p>Este evento, organizado por el Programa de las Naciones Unidas para el Desarrollo (PNUD), reunir\u00e1 a destacados l\u00edderes y expertos de la regi\u00f3n con el objetivo de debatir y reflexionar sobre el desarrollo territorial sostenible.<\/p>\n","protected":false},"author":2,"featured_media":149587,"comment_status":"closed","ping_status":"closed","sticky":false,"template":"","format":"standard","meta":{"footnotes":""},"categories":[2],"tags":[10],"class_list":["post-149586","post","type-post","status-publish","format-standard","has-post-thumbnail","hentry","category-informe-municipal","tag-santa-fe"],"_links":{"self":[{"href":"http:\/\/argentinamunicipal.com.ar\/argentina\/wp-json\/wp\/v2\/posts\/149586","targetHints":{"allow":["GET"]}}],"collection":[{"href":"http:\/\/argentinamunicipal.com.ar\/argentina\/wp-json\/wp\/v2\/posts"}],"about":[{"href":"http:\/\/argentinamunicipal.com.ar\/argentina\/wp-json\/wp\/v2\/types\/post"}],"author":[{"embeddable":true,"href":"http:\/\/argentinamunicipal.com.ar\/argentina\/wp-json\/wp\/v2\/users\/2"}],"replies":[{"embeddable":true,"href":"http:\/\/argentinamunicipal.com.ar\/argentina\/wp-json\/wp\/v2\/comments?post=149586"}],"version-history":[{"count":0,"href":"http:\/\/argentinamunicipal.com.ar\/argentina\/wp-json\/wp\/v2\/posts\/149586\/revisions"}],"wp:featuredmedia":[{"embeddable":true,"href":"http:\/\/argentinamunicipal.com.ar\/argentina\/wp-json\/wp\/v2\/media\/149587"}],"wp:attachment":[{"href":"http:\/\/argentinamunicipal.com.ar\/argentina\/wp-json\/wp\/v2\/media?parent=149586"}],"wp:term":[{"taxonomy":"category","embeddable":true,"href":"http:\/\/argentinamunicipal.com.ar\/argentina\/wp-json\/wp\/v2\/categories?post=149586"},{"taxonomy":"post_tag","embeddable":true,"href":"http:\/\/argentinamunicipal.com.ar\/argentina\/wp-json\/wp\/v2\/tags?post=149586"}],"curies":[{"name":"wp","href":"https:\/\/api.w.org\/{rel}","templated":true}]}}