{"id":149619,"date":"2024-08-28T06:04:30","date_gmt":"2024-08-28T09:04:30","guid":{"rendered":"http:\/\/argentinamunicipal.com.ar\/argentina\/?p=149619"},"modified":"2024-08-28T06:04:30","modified_gmt":"2024-08-28T09:04:30","slug":"santa-cruz-estrena-un-corredor-turistico-con-puerto-deseado-como-destino-estrella","status":"publish","type":"post","link":"http:\/\/argentinamunicipal.com.ar\/argentina\/santa-cruz-estrena-un-corredor-turistico-con-puerto-deseado-como-destino-estrella\/","title":{"rendered":"Santa Cruz estrena un corredor tur\u00edstico con Puerto Deseado como destino estrella"},"content":{"rendered":"<p>La semana pasada autoridades de turismo de Puerto Deseado, recibieron a funcionarios provinciales con quienes mantuvieron reuni\u00f3n a los fines de diagramar acciones que permitan la creaci\u00f3n de un nuevo corredor tur\u00edstico para el noreste de la provincia de Santa Cruz. En este contexto, mantuvieron encuentros con diversos prestadores tur\u00edsticos quienes se han mostrado a favor de la creaci\u00f3n de este nuevo circuito.<\/p>\n<p>En di\u00e1logo con TiempoSur, Raquel Montoya, integrante del equipo de turismo de Puerto Deseado, adelant\u00f3 que \u201cse est\u00e1 armando un nuevo circuito del noroeste que\u00a0 integra Las Heras, Pico Truncado, Koluel Kaique, Ca\u00f1ad\u00f3n Seco, Caleta Olivia , Fitz Roy y Jaramillo y Puerto Deseado, con el objetivo de potenciar la regi\u00f3n\u201d. En la ciudad deseadense encabeza las gestiones el director de turismo, Jose Pezzano, quien ha mantenido reuniones con funcionarios de las distintas localidades incluidas en el corredor.<\/p>\n<p>Rub\u00e9n Martinez, director provincial de turismo, manifest\u00f3 que el objetivo es \u201cpotenciar y trabajar en conjunto este corredor, con la idea de llegar a FIT y hacer una presentaci\u00f3n. La provincia tiene lugares maravillosos, bendecida\u00a0 por toda la naturaleza que tiene\u201d. vale la pena mencionar que la edici\u00f3n 2024 de la Feria Internacional de Turismo de Am\u00e9rica Latina-FIT se realizar\u00e1 del 28 de septiembre al 1 de octubre en La Rural de Palermo.<\/p>\n<p>Pezzano valor\u00f3 que \u201cde primer momento\u00a0hemos coincidido e inmediatamente turismo se han hecho eco de este corredor tur\u00edstico, donde nos van a ayudar nos van a potenciar desde el punto de vista t\u00e9cnico y log\u00edstico. Estamos pensando en la FIT donde se va a hacer una apuesta fuerte\u00a0pensando inclusive en hacer el lanzamiento de la temporada desde la feria\u201d.<\/p>\n<p>\u201cVamos a mostrar el valor que tiene el turismo en la provincia y\u00a0buscar que el turismo tenga conocimiento de las maravillas que tiene el Puerto Deseado, que sea m\u00e1s conocido, algo que a partir de la FIT va a cambiar\u201d, dijo y continu\u00f3: \u201cLa recepci\u00f3n que ha tenido el municipio es muy buena. Tenemos el apoyo del intendente que sabe lo importante del turismo\u201d.<\/p>\n","protected":false},"excerpt":{"rendered":"<p>Vamos a mostrar el valor que tiene el turismo en la provincia y\u00a0buscar que el turismo tenga conocimiento de las maravillas que tiene el Puerto Deseado<\/p>\n","protected":false},"author":2,"featured_media":149620,"comment_status":"closed","ping_status":"closed","sticky":false,"template":"","format":"standard","meta":{"footnotes":""},"categories":[87],"tags":[29],"class_list":["post-149619","post","type-post","status-publish","format-standard","has-post-thumbnail","hentry","category-turismo","tag-santa-cruz"],"_links":{"self":[{"href":"http:\/\/argentinamunicipal.com.ar\/argentina\/wp-json\/wp\/v2\/posts\/149619","targetHints":{"allow":["GET"]}}],"collection":[{"href":"http:\/\/argentinamunicipal.com.ar\/argentina\/wp-json\/wp\/v2\/posts"}],"about":[{"href":"http:\/\/argentinamunicipal.com.ar\/argentina\/wp-json\/wp\/v2\/types\/post"}],"author":[{"embeddable":true,"href":"http:\/\/argentinamunicipal.com.ar\/argentina\/wp-json\/wp\/v2\/users\/2"}],"replies":[{"embeddable":true,"href":"http:\/\/argentinamunicipal.com.ar\/argentina\/wp-json\/wp\/v2\/comments?post=149619"}],"version-history":[{"count":0,"href":"http:\/\/argentinamunicipal.com.ar\/argentina\/wp-json\/wp\/v2\/posts\/149619\/revisions"}],"wp:featuredmedia":[{"embeddable":true,"href":"http:\/\/argentinamunicipal.com.ar\/argentina\/wp-json\/wp\/v2\/media\/149620"}],"wp:attachment":[{"href":"http:\/\/argentinamunicipal.com.ar\/argentina\/wp-json\/wp\/v2\/media?parent=149619"}],"wp:term":[{"taxonomy":"category","embeddable":true,"href":"http:\/\/argentinamunicipal.com.ar\/argentina\/wp-json\/wp\/v2\/categories?post=149619"},{"taxonomy":"post_tag","embeddable":true,"href":"http:\/\/argentinamunicipal.com.ar\/argentina\/wp-json\/wp\/v2\/tags?post=149619"}],"curies":[{"name":"wp","href":"https:\/\/api.w.org\/{rel}","templated":true}]}}