{"id":149623,"date":"2024-08-29T05:42:58","date_gmt":"2024-08-29T08:42:58","guid":{"rendered":"http:\/\/argentinamunicipal.com.ar\/argentina\/?p=149623"},"modified":"2024-08-28T18:45:44","modified_gmt":"2024-08-28T21:45:44","slug":"lula-critico-privatizaciones-de-empresas-publicas","status":"publish","type":"post","link":"http:\/\/argentinamunicipal.com.ar\/argentina\/lula-critico-privatizaciones-de-empresas-publicas\/","title":{"rendered":"Lula critic\u00f3 privatizaciones de empresas p\u00fablicas"},"content":{"rendered":"<p>La privatizaci\u00f3n de empresas p\u00fablicas que operan en sectores estrat\u00e9gicos plantea riesgos para el pueblo brasile\u00f1o y la soberan\u00eda del pa\u00eds, afirm\u00f3 el presidente Luiz In\u00e1cio Lula da Silva, ayer martes, durante su visita al Principal Centro de Operaciones Espaciales de Telebras (Cope- PAG).<\/p>\n<p>\u201cHay cosas que inexorablemente deben ser responsabilidad del Estado. Es as\u00ed en Alemania, Francia y Estados Unidos. Mucha gente en este pa\u00eds se dej\u00f3 llevar por la famosa teor\u00eda de que el mercado tiene que estar abierto a todos; que lo importante es el libre acceso al comercio. Pero el libre acceso al comercio es cuando se trata de vender su producto aqu\u00ed. Cuando tenemos que vender en el exterior lo que producimos aqu\u00ed, sabemos lo dif\u00edcil que es\u201d, argument\u00f3 el presidente.<\/p>\n<p>Al inicio de su tercer mandato, en 2023, Lula elimin\u00f3 a Telebras del grupo de empresas estatales que ser\u00edan privatizadas por el gobierno de Jair Bolsonaro.<\/p>\n<p>Para Lula, Telebras juega un papel fundamental en la prevenci\u00f3n del mal uso de la Inteligencia Artificial y de los datos sobre la poblaci\u00f3n brasile\u00f1a.<\/p>\n<p>\u201cEntonces d\u00edganme: \u00bfc\u00f3mo un pa\u00eds que logra tener una empresa de esta calidad decide privatizarla? \u00bfA qui\u00e9n se lo vamos a donar? \u00bfQui\u00e9n se quedar\u00eda con la informaci\u00f3n que tiene el Estado y que s\u00f3lo el Estado debe tener? Es informaci\u00f3n del pueblo brasile\u00f1o, desde la salud hasta la educaci\u00f3n\u201d, a\u00f1adi\u00f3.<\/p>\n<p>\u201cVamos a hacer de \u00e9sta una empresa al servicio de los brasile\u00f1os; de nuestra soberan\u00eda; nuestro conocimiento tecnol\u00f3gico; de nuestra inteligencia artificial y nuestra base de datos. En definitiva, al servicio de brindar servicios al pueblo brasile\u00f1o. Mi presencia aqu\u00ed es para reforzar esta idea\u201d, dijo Lula.<\/p>\n<p>Seg\u00fan el presidente, a muchas autoridades y gobiernos les falt\u00f3 el orgullo de ser brasile\u00f1os, para pensar un poco en lo que el Estado puede ofrecer para el bienestar y la soberan\u00eda de la sociedad.<\/p>\n<p>\u201cUna empresa como \u00e9sta es garant\u00eda de que podemos hablar de inteligencia artificial sin tener que subordinarnos a s\u00f3lo dos o tres naciones que ya est\u00e1n por delante\u201d, afirm\u00f3 el presidente.<\/p>\n<h6>Fuente: Tucum\u00e1n Hoy<\/h6>\n","protected":false},"excerpt":{"rendered":"<p>La privatizaci\u00f3n de empresas p\u00fablicas que operan en sectores estrat\u00e9gicos plantea riesgos para el pueblo brasile\u00f1o y la soberan\u00eda del pa\u00eds, afirm\u00f3 el presidente Luiz In\u00e1cio Lula da Silva, ayer martes, durante su visita al Principal Centro de Operaciones Espaciales de Telebras<\/p>\n","protected":false},"author":2,"featured_media":149624,"comment_status":"closed","ping_status":"closed","sticky":false,"template":"","format":"standard","meta":{"footnotes":""},"categories":[22],"tags":[57],"class_list":["post-149623","post","type-post","status-publish","format-standard","has-post-thumbnail","hentry","category-el-mundo","tag-el-mundo"],"_links":{"self":[{"href":"http:\/\/argentinamunicipal.com.ar\/argentina\/wp-json\/wp\/v2\/posts\/149623","targetHints":{"allow":["GET"]}}],"collection":[{"href":"http:\/\/argentinamunicipal.com.ar\/argentina\/wp-json\/wp\/v2\/posts"}],"about":[{"href":"http:\/\/argentinamunicipal.com.ar\/argentina\/wp-json\/wp\/v2\/types\/post"}],"author":[{"embeddable":true,"href":"http:\/\/argentinamunicipal.com.ar\/argentina\/wp-json\/wp\/v2\/users\/2"}],"replies":[{"embeddable":true,"href":"http:\/\/argentinamunicipal.com.ar\/argentina\/wp-json\/wp\/v2\/comments?post=149623"}],"version-history":[{"count":0,"href":"http:\/\/argentinamunicipal.com.ar\/argentina\/wp-json\/wp\/v2\/posts\/149623\/revisions"}],"wp:featuredmedia":[{"embeddable":true,"href":"http:\/\/argentinamunicipal.com.ar\/argentina\/wp-json\/wp\/v2\/media\/149624"}],"wp:attachment":[{"href":"http:\/\/argentinamunicipal.com.ar\/argentina\/wp-json\/wp\/v2\/media?parent=149623"}],"wp:term":[{"taxonomy":"category","embeddable":true,"href":"http:\/\/argentinamunicipal.com.ar\/argentina\/wp-json\/wp\/v2\/categories?post=149623"},{"taxonomy":"post_tag","embeddable":true,"href":"http:\/\/argentinamunicipal.com.ar\/argentina\/wp-json\/wp\/v2\/tags?post=149623"}],"curies":[{"name":"wp","href":"https:\/\/api.w.org\/{rel}","templated":true}]}}