{"id":149632,"date":"2024-08-29T05:04:12","date_gmt":"2024-08-29T08:04:12","guid":{"rendered":"http:\/\/argentinamunicipal.com.ar\/argentina\/?p=149632"},"modified":"2024-08-28T19:07:56","modified_gmt":"2024-08-28T22:07:56","slug":"municipalidad-de-ushuaia-y-gremios-acordaron-un-nuevo-incremento-salarial","status":"publish","type":"post","link":"http:\/\/argentinamunicipal.com.ar\/argentina\/municipalidad-de-ushuaia-y-gremios-acordaron-un-nuevo-incremento-salarial\/","title":{"rendered":"Municipalidad de Ushuaia y gremios acordaron un nuevo incremento salarial"},"content":{"rendered":"<p>La Municipalidad de Ushuaia y los gremios que representan a los trabajadores y trabajadoras municipales llegaron este martes a un nuevo acuerdo salarial para los meses pr\u00f3ximos de agosto y septiembre.<\/p>\n<p>El acuerdo establece un incremento del 4% en el mes de agosto y otro 4% en el mes de septiembre, siendo dichas sumas remunerativas, bonificables y acumulativas del mes inmediato anterior. Esto significa que los empleados municipales recibir\u00e1n un aumento total superior al 8 %.<\/p>\n<p>Adem\u00e1s, acordaron la incorporaci\u00f3n a planta permanente de 60 trabajadores, lo que brindar\u00e1 estabilidad laboral a los mismos. Este proceso se llevar\u00e1 a cabo con tramitaci\u00f3n urgente, de acuerdo a la normativa vigente.<\/p>\n<p>Las partes convinieron convocarse en septiembre para analizar los recursos econ\u00f3micos existentes y la situaci\u00f3n de los salarios municipales, con el objeto de continuar trabajando en la mejora del salario de los y las municipales.<\/p>\n<p>Este acuerdo es un paso importante hacia la mejora de las condiciones laborales de los trabajadores municipales y refleja el compromiso de la Municipalidad de Ushuaia con el personal.<\/p>\n<p>Rubricaron el acuerdo el jefe de Gabinete, Sebasti\u00e1n Iriarte; el paritario por el Municipio, Mauricio Neubauer, el subsecretario de Econom\u00eda y Finanzas, Jos\u00e9 Labroca; Carlos C\u00f3rdoba, Roberto Oyarzo y Jonatan Ardanaz por el gremio ATE,\u00a0 Manuel Ojeda, Celina Ramos y Mario N\u00fa\u00f1ez por el SOEM; Antonio Delgado y Gustavo Cuevas, representantes de ASEOM; Mar\u00eda Almonacid, representante del SEMUP; Oscar Umfh\u00fcrer, representante del Personal Jer\u00e1rquico y Brenda Bustamante, representante de UPCN.<\/p>\n<h6>Fuente: Reporte Austral<\/h6>\n","protected":false},"excerpt":{"rendered":"<p>La Municipalidad de Ushuaia y los gremios que representan a los trabajadores y trabajadoras municipales llegaron este martes a un nuevo acuerdo salarial para los meses pr\u00f3ximos de agosto y septiembre.<\/p>\n","protected":false},"author":2,"featured_media":149633,"comment_status":"closed","ping_status":"closed","sticky":false,"template":"","format":"standard","meta":{"footnotes":""},"categories":[7],"tags":[34],"class_list":["post-149632","post","type-post","status-publish","format-standard","has-post-thumbnail","hentry","category-informe-sindical","tag-tierra-del-fuego"],"_links":{"self":[{"href":"http:\/\/argentinamunicipal.com.ar\/argentina\/wp-json\/wp\/v2\/posts\/149632","targetHints":{"allow":["GET"]}}],"collection":[{"href":"http:\/\/argentinamunicipal.com.ar\/argentina\/wp-json\/wp\/v2\/posts"}],"about":[{"href":"http:\/\/argentinamunicipal.com.ar\/argentina\/wp-json\/wp\/v2\/types\/post"}],"author":[{"embeddable":true,"href":"http:\/\/argentinamunicipal.com.ar\/argentina\/wp-json\/wp\/v2\/users\/2"}],"replies":[{"embeddable":true,"href":"http:\/\/argentinamunicipal.com.ar\/argentina\/wp-json\/wp\/v2\/comments?post=149632"}],"version-history":[{"count":0,"href":"http:\/\/argentinamunicipal.com.ar\/argentina\/wp-json\/wp\/v2\/posts\/149632\/revisions"}],"wp:featuredmedia":[{"embeddable":true,"href":"http:\/\/argentinamunicipal.com.ar\/argentina\/wp-json\/wp\/v2\/media\/149633"}],"wp:attachment":[{"href":"http:\/\/argentinamunicipal.com.ar\/argentina\/wp-json\/wp\/v2\/media?parent=149632"}],"wp:term":[{"taxonomy":"category","embeddable":true,"href":"http:\/\/argentinamunicipal.com.ar\/argentina\/wp-json\/wp\/v2\/categories?post=149632"},{"taxonomy":"post_tag","embeddable":true,"href":"http:\/\/argentinamunicipal.com.ar\/argentina\/wp-json\/wp\/v2\/tags?post=149632"}],"curies":[{"name":"wp","href":"https:\/\/api.w.org\/{rel}","templated":true}]}}