{"id":149638,"date":"2024-08-29T05:10:44","date_gmt":"2024-08-29T08:10:44","guid":{"rendered":"http:\/\/argentinamunicipal.com.ar\/argentina\/?p=149638"},"modified":"2024-08-28T19:15:29","modified_gmt":"2024-08-28T22:15:29","slug":"los-trabajadores-del-amba-los-perjudicados-colectivos-el-gobierno-retira-los-subsidios-y-se-desentiende-del-impacto","status":"publish","type":"post","link":"http:\/\/argentinamunicipal.com.ar\/argentina\/los-trabajadores-del-amba-los-perjudicados-colectivos-el-gobierno-retira-los-subsidios-y-se-desentiende-del-impacto\/","title":{"rendered":"Los trabajadores del AMBA los perjudicados: Colectivos; el Gobierno retira los subsidios y se desentiende del impacto"},"content":{"rendered":"<p>\u00abEs plata que pueden absorber tanto Provincia como Ciudad\u201d, lanz\u00f3 el ministro Luis Caputo al defender la medida, por la que se subsidiar\u00e1n solo las l\u00edneas de jurisdicci\u00f3n nacional. Jorge Macri reclam\u00f3 y plante\u00f3 que\u00a0\u00ablas empresas van a colapsar o la tarifa va a aumentar\u201d.<\/p>\n<p>El Gobierno nacional desair\u00f3 los pedidos del gobierno porte\u00f1o sobre la continuidad de la Red SUBE\u00a0y agrand\u00f3 su frente de tormenta con el macrismo. La vigencia de un subsidio a la tarifa de transporte \u201clo tiene que decidir la Capital, no es un tema nacional\u201d, sentenci\u00f3 el ministro de Econom\u00eda, Luis Caputo, y agreg\u00f3: \u00abEs plata que pueden absorber tanto Provincia como Ciudad\u201d.<\/p>\n<p>La afirmaci\u00f3n de Caputo no solo fue una ratificaci\u00f3n de su pol\u00edtica de ajustes sobre los trabajadores y trabajadoras sino tambi\u00e9n\u00a0un portazo a un pedido que Jorge Macri le hab\u00eda hecho minutos antes.<\/p>\n<p><strong>El pedido de Jorge Macri<\/strong><\/p>\n<p>Por la ma\u00f1ana, durante uno de esos actos a los que convoca la administraci\u00f3n porte\u00f1a,\u00a0el Jefe de Gobierno le pidi\u00f3 sin medios tonos a la Casa Rosada \u201cque no retire el subsidio\u201d al boleto de transportes\u00a0porque \u201clas empresas van a colapsar o la tarifa va a aumentar\u201d.<\/p>\n<p>Es m\u00e1s, le pidi\u00f3 abrir una instancia de negociaci\u00f3n sobre el tema. \u201cEsperamos un marco de di\u00e1logo para que el Gobierno no se retire de ese subsidio\u201d, dijo ante una consulta de la prensa y esboz\u00f3 una raz\u00f3n: \u201cEs un momento en que la gente no est\u00e1 en condiciones de absorber un aumento de esa magnitud\u201d, dijo sin precisar el monto ni el porcentaje del posible incremnto.<\/p>\n<p>En su demanda, el primo de Mauricio Macri intent\u00f3 matizar su queja: \u201cComo m\u00e1s de una vez el Presidente (Javier Milei) ha dicho, la ley de gravedad existe\u201d. Pero inmediatamente arremeti\u00f3 con que \u201csi no hay subsidio o las empresas van a colapsar o la tarifa van a aumentar y ninguna de las dos cosas son buenas\u201d.<\/p>\n<p><strong>Caputo y Milei avanzan<\/strong><br \/>\nEl Gobierno sali\u00f3 a responderle en cuesti\u00f3n de minutos. Primero lo hizo el ministro Luis\u00a0Caputo\u00a0a trav\u00e9s de una entrevista radial. Sostuvo que el recorte de subsidios a los colectivos jurisdiccionales se iba a aplicar y que\u00a0los aportes a las l\u00edneas interjurisdiccionales o nacionales se iban a mantener.<\/p>\n<p>Es decir que a las 113 l\u00edneas que van de Capital a provincia ser\u00e1n subsidiadas y las que solo recorren el territorio porte\u00f1o, no. De modo que el costo de los boletos de estas \u00faltimas ser\u00e1 \u201cun tema exclusivamente de la Ciudad como lo es en todas las provincias, no hay dudas de eso\u201d, sentenci\u00f3 el titular del Palacio de Hacienda.<\/p>\n<p>\u201cDesde que llegu\u00e9 tengo a todos los gobernadores encima preguntando por qu\u00e9 seguimos subsidiando a los porte\u00f1os. Esto no quiere decir que el colectivo en Capital no tenga subsidios, lo que quiere decir es que eso lo tiene que decidir la Capital\u201d, argument\u00f3.<\/p>\n<p>Y por si fuera poco, insisti\u00f3 con mal tono: \u201cEs un tema de sentido com\u00fan. Estaba mal antes. Adem\u00e1s, es plata que pueden absorber (los estados provinciales). Tienen raz\u00f3n todos los gobernadores que nos echaban en cara esto, \u00bfpor qu\u00e9 vamos a hacer una diferencia?\u201d.<\/p>\n<p><strong>Adorni vs. Kicillof<\/strong><br \/>\nQuien tambi\u00e9n se meti\u00f3 en la discusi\u00f3n fue\u00a0el vocero Manuel Adorni, que eligi\u00f3 al tema de los subsidios como uno de los ejes de su conferencia. Sin que nadie le pregunte, ratific\u00f3 que\u00a0el Gobierno \u201cdecidi\u00f3 dejar de subvencionar las l\u00edneas que no sean de estricta jurisdicci\u00f3n nacional, que en total son 113, 103 del AMBA y 10 del interior\u201d.<\/p>\n<p>Seg\u00fan \u00e9l, la decisi\u00f3n del Gobierno de dar marcha atr\u00e1s al recorte de subsdios y de los descuentos en el sistema de Boleto Integrado \u201cno fue una marcha atr\u00e1s, como lo quieren hacer creer algunos\u201d. Sin embargo, s\u00ed fue una marcha atr\u00e1s.<\/p>\n<p>Luego, en un intento de no confrontar con los aliados de La Libertad Avanza (LLA),\u00a0meti\u00f3 en el medio al gobernador Axel Kicillof. Le dijo que la Provincia \u201cpodr\u00eda financiar el descuento (en colectivos) achicando la cantidad de ministerios\u201d.<\/p>\n<p>Le pidi\u00f3 con sorna cerrar el Ministerio de la Mujer, Pol\u00edticas de G\u00e9nero y Diversidad,\u00a0as\u00ed como \u201ctambi\u00e9n la Direcci\u00f3n de Empleo P\u00fablico o el programa ESI con Amigues\u201d. \u201cSer\u00eda bueno que empiecen a revisar esos programas. Parece que algunos dirigentes no est\u00e1n enterados del cambio de \u00e9poca que se vive en la Argentina\u201d, agreg\u00f3 en tono de burla.<\/p>\n<p>Pero por m\u00e1s que la Casa Rosada elija al gobierno bonaerense como blanco de las cr\u00edticas por la quita de subsidios a la Red Sube, el verdadero contrapunto pol\u00edtico por ese tema lo tiene con su principal socio pol\u00edtico, el PRO en el gobierno porte\u00f1o.<\/p>\n<h6>Fuente: P\u00e1gina 12<\/h6>\n","protected":false},"excerpt":{"rendered":"<p>\u00abEs plata que pueden absorber tanto Provincia como Ciudad\u201d, lanz\u00f3 el ministro Luis Caputo al defender la medida, por la que se subsidiar\u00e1n solo las l\u00edneas de jurisdicci\u00f3n nacional. Jorge Macri reclam\u00f3 y plante\u00f3 que\u00a0\u00ablas empresas van a colapsar o la tarifa va a aumentar\u201d.<\/p>\n","protected":false},"author":2,"featured_media":149639,"comment_status":"closed","ping_status":"closed","sticky":false,"template":"","format":"standard","meta":{"footnotes":""},"categories":[2],"tags":[12],"class_list":["post-149638","post","type-post","status-publish","format-standard","has-post-thumbnail","hentry","category-informe-municipal","tag-buenos-aires"],"_links":{"self":[{"href":"http:\/\/argentinamunicipal.com.ar\/argentina\/wp-json\/wp\/v2\/posts\/149638","targetHints":{"allow":["GET"]}}],"collection":[{"href":"http:\/\/argentinamunicipal.com.ar\/argentina\/wp-json\/wp\/v2\/posts"}],"about":[{"href":"http:\/\/argentinamunicipal.com.ar\/argentina\/wp-json\/wp\/v2\/types\/post"}],"author":[{"embeddable":true,"href":"http:\/\/argentinamunicipal.com.ar\/argentina\/wp-json\/wp\/v2\/users\/2"}],"replies":[{"embeddable":true,"href":"http:\/\/argentinamunicipal.com.ar\/argentina\/wp-json\/wp\/v2\/comments?post=149638"}],"version-history":[{"count":0,"href":"http:\/\/argentinamunicipal.com.ar\/argentina\/wp-json\/wp\/v2\/posts\/149638\/revisions"}],"wp:featuredmedia":[{"embeddable":true,"href":"http:\/\/argentinamunicipal.com.ar\/argentina\/wp-json\/wp\/v2\/media\/149639"}],"wp:attachment":[{"href":"http:\/\/argentinamunicipal.com.ar\/argentina\/wp-json\/wp\/v2\/media?parent=149638"}],"wp:term":[{"taxonomy":"category","embeddable":true,"href":"http:\/\/argentinamunicipal.com.ar\/argentina\/wp-json\/wp\/v2\/categories?post=149638"},{"taxonomy":"post_tag","embeddable":true,"href":"http:\/\/argentinamunicipal.com.ar\/argentina\/wp-json\/wp\/v2\/tags?post=149638"}],"curies":[{"name":"wp","href":"https:\/\/api.w.org\/{rel}","templated":true}]}}