{"id":149641,"date":"2024-08-29T05:15:39","date_gmt":"2024-08-29T08:15:39","guid":{"rendered":"http:\/\/argentinamunicipal.com.ar\/argentina\/?p=149641"},"modified":"2024-08-28T19:17:49","modified_gmt":"2024-08-28T22:17:49","slug":"jornada-laboral-alternativa-en-argentina-asi-es-el-proyecto-para-trabajar-hasta-12-horas-por-dia","status":"publish","type":"post","link":"http:\/\/argentinamunicipal.com.ar\/argentina\/jornada-laboral-alternativa-en-argentina-asi-es-el-proyecto-para-trabajar-hasta-12-horas-por-dia\/","title":{"rendered":"Jornada laboral alternativa en Argentina: as\u00ed es el proyecto para trabajar hasta 12 horas por d\u00eda"},"content":{"rendered":"<p>La iniciativa del radicalismo plantea tambi\u00e9n extender a tres d\u00edas el fin de semana, siempre que empleador y empleado lo consideren beneficioso. \u00bfQu\u00e9 dijo el gobierno de Javier Milei?<\/p>\n<p>Mientras pa\u00edses como Chile y de Europa avanzan hacia la reducci\u00f3n de horas semanales y otros como Grecia y Corea del Sur la ampl\u00edan, en Argentina tom\u00f3 fuerza un proyecto de ley que busca instalar la \u201cjornada laboral alternativa\u201d y re\u00fane, aunque suene extra\u00f1o, las caracter\u00edsticas de ambos extremos: la posibilidad de estirar a tres d\u00edas el fin de semana, pero a cambio de subir de 8 a 12 la cantidad de horas diarias de trabajo entre lunes y jueves.<\/p>\n<p>La\u00a0iniciativa\u00a0es impulsada principalmente por el diputado nacional de la Uni\u00f3n C\u00edvica Radical,\u00a0Mart\u00edn Tetaz, con el aval de su jefe de bloque, Rodrigo De Loredo, adem\u00e1s de Oscar Carre\u00f1o (Hacemos Coalici\u00f3n Federal) y Laura Rodr\u00edguez Machado (PRO), entre otros firmantes. Se trata de espacios pol\u00edticos opositores al gobierno libertario de Javier Milei, pero que tienen buena relaci\u00f3n (\u201cdialoguistas\u201d en la rosca legislativa).<\/p>\n<p>El economista Tetaz present\u00f3 el proyecto hace algunos meses utilizando\u00a0una recordada publicidad de la cervecer\u00eda Quilmes, de 20 a\u00f1os atr\u00e1s, donde un grupo de amigos propuso la creaci\u00f3n de \u201cOsvaldo\u201d, un tercer d\u00eda para descansar adem\u00e1s del s\u00e1bado y domingo. \u201cLas empresas y los trabajadores podr\u00e1n optar por Jornadas Laborales Alternativas, con menos d\u00edas o menos horas\u201d, dijo entonces el legislador radical.<\/p>\n<p>Actualmente, en Argentina, los art\u00edculos 1\u00b0 y 2\u00b0 de la Ley N\u00b0 11.544 establecen una duraci\u00f3n m\u00e1xima diaria de 8 horas y de 48 horas por semana, con excepciones como el trabajo agr\u00edcola, ganadero y de personal de casas de familia. Si bien 48 representa una cifra alta en comparaci\u00f3n a otros pa\u00edses, en la pr\u00e1ctica sucede otra situaci\u00f3n.<\/p>\n<p>Bas\u00e1ndose en datos de la Organizaci\u00f3n Internacional del Trabajo (OIT), Argentina es el segundo pa\u00eds de Latinoam\u00e9rica con menos horas semanales en promedio (37), apenas despu\u00e9s de Panam\u00e1 (36,2). Chile se encuentra en la mitad de la tabla y reporta 40,4 horas semanales de trabajo.<\/p>\n<p><strong>Jornada Laboral alternativa<\/strong><br \/>\nLa propuesta de Tetaz introduce una nueva modalidad denominada\u00a0Jornada Laboral Alternativa (JoLA), dise\u00f1ada\u00a0para brindar mayor flexibilidad a los sindicatos y gremios en la organizaci\u00f3n de las jornadas laborales, adapt\u00e1ndose a las necesidades espec\u00edficas de cada sector.<\/p>\n<p>Aunque se mantiene el l\u00edmite m\u00e1ximo de 48 horas semanales que se\u00f1ala la Ley N\u00b0 11.544, la distribuci\u00f3n de estas horas var\u00eda de acuerdo con lo acordado por las partes involucradas.<\/p>\n<p>El nuevo r\u00e9gimen permite\u00a0condensar las horas de trabajo en cuatro d\u00edas (12\u00d74=48) y as\u00ed permitir tres d\u00edas de descanso entre el viernes y el domingo, siempre que empleador y trabajador lo consideren fruct\u00edfero.<\/p>\n<p>Uno de los aspectos es la posibilidad de implementar la JoLA de manera optativa y experimental, con un per\u00edodo de prueba que puede extenderse entre tres y seis meses.\u00a0Durante este tiempo, los empleadores y empleados tendr\u00e1n la oportunidad de evaluar la efectividad y conveniencia de esta nueva jornada laboral. Al finalizar el per\u00edodo de prueba, las partes pueden optar por continuar con este r\u00e9gimen o regresar al tradicional.<\/p>\n<p>El proyecto del diputado radical enfatiza que esta flexibilidad puede ser beneficiosa dependiendo del tipo de actividad, ya que, por ejemplo, en el caso de los choferes de buses, reducir la jornada laboral diaria podr\u00eda disminuir su productividad al limitar el n\u00famero de recorridos que pueden realizar.<\/p>\n<p>La iniciativa trasandina sigue los casos de pa\u00edses de Europa como B\u00e9lgica, que anunci\u00f3 una reforma con cuatro d\u00edas de trabajo por semana, pero sin recortar la cantidad total de horas por semana.\u00a0En tanto, algunas compa\u00f1\u00edas de Reino Unido probaron \u201ccon \u00e9xito\u201d durante seis meses la semana laboral de cuatro d\u00edas y el 92% la dejaron con car\u00e1cter permanente, seg\u00fan Euro News.<\/p>\n<p>Chile marc\u00f3 un hito en Sudam\u00e9rica desde que en abril empez\u00f3 a regir la Ley N\u00b0 21.561, que reduce gradualmente la jornada de trabajo hasta llegar en 2028 a las 40 horas semanales.<\/p>\n<p>Lo cierto\u00a0es que la propuesta de Tetaz para Argentina se debati\u00f3 tibiamente en la comisi\u00f3n de Legislaci\u00f3n del Trabajo de la C\u00e1mara Baja del Congreso, pero aun sin cambios palpables. De hecho, circulan otras propuestas de reforma del r\u00e9gimen laboral realizadas por el sector gremial y la izquierda que apuntan b\u00e1sicamente a las 35 y 40 horas semanales.<\/p>\n<p><strong>\u00bfEl gobierno apoya la iniciativa?<\/strong><br \/>\nEn la \u00faltima semana, el tema volvi\u00f3 a la agenda p\u00fablica. Fue tras la\u00a0publicaci\u00f3n que hizo un medio de comunicaci\u00f3n af\u00edn al kirchnerismo, indicando que el famoso proyecto para \u201campliar la jornada laboral cuenta con el visto bueno del secretario de Trabajo de Javier Milei, Julio Cordero\u201d, algo que el propio Tetaz se encarg\u00f3 de desmentir.<\/p>\n<p>\u201cEsto es mentira. El \u00fanico proyecto que estoy impulsando es el de jornada laboral alternativa, que no plantea aumentar la cantidad de horas, sino distribuirlas mejor\u201d, dijo el diputado en su cuenta de X.<\/p>\n<p>La pol\u00e9mica y confusi\u00f3n en las redes sociales creci\u00f3 a punto tal que el jueves pasado, en la conferencia de prensa matutina que brinda desde Casa Rosada,\u00a0el vocero presidencial Manuel Adorni rechaz\u00f3 que el Poder Ejecutivo acompa\u00f1e el proyecto de \u201cjornada laboral alternativa\u201d, aunque nunca dijo estar en contra de ampliar a 12 horas la cantidad diaria a cumplir.<\/p>\n<p>\u201cNosotros estamos a favor de la libre contrataci\u00f3n y que las partes \u2013 tanto el empleado como el empleador- puedan pactar las mejores condiciones, que consideren entre ellos, incluso si fuese de 12 horas. Esa es una postura que tuvimos siempre de libertad contractual. Pero nosotros no hemos impulsado ning\u00fan tipo de ley que modifique la jornada laboral\u201d, declar\u00f3 el portavoz de Milei.<\/p>\n<h6>Fuente: El Ciudadano<\/h6>\n","protected":false},"excerpt":{"rendered":"<p>La iniciativa del radicalismo plantea tambi\u00e9n extender a tres d\u00edas el fin de semana, siempre que empleador y empleado lo consideren beneficioso. \u00bfQu\u00e9 dijo el gobierno de Javier Milei?<\/p>\n","protected":false},"author":2,"featured_media":149642,"comment_status":"closed","ping_status":"closed","sticky":false,"template":"","format":"standard","meta":{"footnotes":""},"categories":[8],"tags":[21],"class_list":["post-149641","post","type-post","status-publish","format-standard","has-post-thumbnail","hentry","category-informe-nacional","tag-argentina"],"_links":{"self":[{"href":"http:\/\/argentinamunicipal.com.ar\/argentina\/wp-json\/wp\/v2\/posts\/149641","targetHints":{"allow":["GET"]}}],"collection":[{"href":"http:\/\/argentinamunicipal.com.ar\/argentina\/wp-json\/wp\/v2\/posts"}],"about":[{"href":"http:\/\/argentinamunicipal.com.ar\/argentina\/wp-json\/wp\/v2\/types\/post"}],"author":[{"embeddable":true,"href":"http:\/\/argentinamunicipal.com.ar\/argentina\/wp-json\/wp\/v2\/users\/2"}],"replies":[{"embeddable":true,"href":"http:\/\/argentinamunicipal.com.ar\/argentina\/wp-json\/wp\/v2\/comments?post=149641"}],"version-history":[{"count":0,"href":"http:\/\/argentinamunicipal.com.ar\/argentina\/wp-json\/wp\/v2\/posts\/149641\/revisions"}],"wp:featuredmedia":[{"embeddable":true,"href":"http:\/\/argentinamunicipal.com.ar\/argentina\/wp-json\/wp\/v2\/media\/149642"}],"wp:attachment":[{"href":"http:\/\/argentinamunicipal.com.ar\/argentina\/wp-json\/wp\/v2\/media?parent=149641"}],"wp:term":[{"taxonomy":"category","embeddable":true,"href":"http:\/\/argentinamunicipal.com.ar\/argentina\/wp-json\/wp\/v2\/categories?post=149641"},{"taxonomy":"post_tag","embeddable":true,"href":"http:\/\/argentinamunicipal.com.ar\/argentina\/wp-json\/wp\/v2\/tags?post=149641"}],"curies":[{"name":"wp","href":"https:\/\/api.w.org\/{rel}","templated":true}]}}