{"id":149660,"date":"2024-08-29T05:45:20","date_gmt":"2024-08-29T08:45:20","guid":{"rendered":"http:\/\/argentinamunicipal.com.ar\/argentina\/?p=149660"},"modified":"2024-08-28T19:41:40","modified_gmt":"2024-08-28T22:41:40","slug":"inicio-en-posadas-el-programa-bosques-urbanos-plantaran-2-000-especies-autoctonas-en-la-costanera","status":"publish","type":"post","link":"http:\/\/argentinamunicipal.com.ar\/argentina\/inicio-en-posadas-el-programa-bosques-urbanos-plantaran-2-000-especies-autoctonas-en-la-costanera\/","title":{"rendered":"Inici\u00f3 en Posadas el programa Bosques Urbanos: plantar\u00e1n 2.000 especies aut\u00f3ctonas en la Costanera"},"content":{"rendered":"<p>En el marco del D\u00eda Nacional del \u00c1rbol, que se celebra cada 29 de agosto en Argentina, se llev\u00f3 a cabo la presentaci\u00f3n y lanzamiento del programa Bosques Urbanos en la ciudad de Posadas. En la primera etapa, este ambicioso proyecto tiene el objetivo de plantar 2.000 especies aut\u00f3ctonas en la Costanera de la ciudad.<\/p>\n<p>En el D\u00eda Nacional del \u00c1rbol, se present\u00f3 el programa Bosques Urbanos de Posadas. Encabezado por Gervasio Malagrida, ministro de Cambio Clim\u00e1tico de Misiones; Carla Brizuela, secretaria de Relaciones Internacionales; y Alejandro Valenzuela, director de Ambiente, GIRSU y Cambio Clim\u00e1tico de Posadas, quienes destacaron la importancia de la acci\u00f3n clim\u00e1tica y la colaboraci\u00f3n entre diferentes niveles de gobierno y el sector privado.<\/p>\n<p>Tal vez te interese leer:\u00a0\u00a0Casi la mitad de las especies de aves est\u00e1n amenazadas por la tala de \u00e1rboles y la intensificaci\u00f3n de la agricultura<\/p>\n<p>\u201cAm\u00e9n de las fechas, siempre para el Gobierno de Misiones lo importante es la acci\u00f3n, en este caso acci\u00f3n clim\u00e1tica\u201d, subray\u00f3 Gervasio Malagrida. El ministro enfatiz\u00f3 que el Gobierno Provincial y el Municipio de Posadas unieron fuerzas en este plan, en colaboraci\u00f3n con la empresa Bosque del Plata, que don\u00f3 los plantines.<\/p>\n<p>El programa, que se implementar\u00e1 inicialmente en la ciudad de Posadas, comenzar\u00e1 con la plantaci\u00f3n de 400 \u00e1rboles, aunque el stock total es de 2.000, seg\u00fan detall\u00f3 Malagrida. \u201cEl bosque urbano, que se est\u00e1 inaugurando hoy, son de 400 \u00e1rboles, pero el stock que tenemos son de 2.000 \u00e1rboles, as\u00ed que tenemos un largo trabajo por delante\u201d, indic\u00f3.<\/p>\n<p>La iniciativa no solo busca mitigar el cambio clim\u00e1tico a trav\u00e9s de la captura de carbono, sino tambi\u00e9n mejorar la calidad de vida en \u00e1reas urbanas. \u201cDesde luego, de los beneficios que tiene un solo \u00e1rbol plantado, imag\u00ednate lo que es crear bosques urbanos\u201d, destac\u00f3 por su parte Carla Brizuela. Adem\u00e1s, se espera que estos bosques urbanos contribuyan a la generaci\u00f3n de sombra, humedad, y la recuperaci\u00f3n de la biodiversidad en la regi\u00f3n.<\/p>\n<p>El proyecto tambi\u00e9n contempla la posibilidad de ser escalado a otras ciudades de la provincia. \u201cEste es un programa que tiene un proceso de implementaci\u00f3n de casi 2-3 a\u00f1os, porque no es f\u00e1cil, estamos hablando de la plantaci\u00f3n de 2.000 plantines\u201d, explic\u00f3 la secretaria de Relaciones Internacionales, subrayando la importancia de cuidar estos \u00e1rboles hasta que puedan mantenerse por s\u00ed mismos.<\/p>\n<p>En cuanto a las especies seleccionadas para esta primera etapa, se plantar\u00e1n cedros, ingas y jacarand\u00e1s, todas ellas aut\u00f3ctonas y resistentes. \u201cLo que se busc\u00f3 fue buscar los \u00e1rboles m\u00e1s resistentes. Son para absorci\u00f3n privilegiando la acci\u00f3n de cada una de las especies\u201d, precis\u00f3. El objetivo es generar un ambiente m\u00e1s amable, conservar las especies, favorecer la aparici\u00f3n de aves, disfrutar del paisaje y recrear la selva del bosque nativo de Misiones en un espacio p\u00fablico para el conocimiento.<\/p>\n<p>Finalmente, Malagrida invit\u00f3 a los dem\u00e1s municipios a unirse a este esfuerzo: \u201cA los municipios que todav\u00eda no est\u00e1n anotados o contactados, les pedimos que se comuniquen y vayan viendo sus planes de acciones clim\u00e1ticas\u201d, resaltando que este tipo de iniciativas son cruciales no solo para Misiones, sino para la regi\u00f3n y el mundo en general.<\/p>\n<h6>Fuente: Misiones Online<\/h6>\n","protected":false},"excerpt":{"rendered":"<p>En el marco del D\u00eda Nacional del \u00c1rbol, que se celebra cada 29 de agosto en Argentina, se llev\u00f3 a cabo la presentaci\u00f3n y lanzamiento del programa Bosques Urbanos en la ciudad de Posadas.<\/p>\n","protected":false},"author":2,"featured_media":149661,"comment_status":"closed","ping_status":"closed","sticky":false,"template":"","format":"standard","meta":{"footnotes":""},"categories":[2],"tags":[27],"class_list":["post-149660","post","type-post","status-publish","format-standard","has-post-thumbnail","hentry","category-informe-municipal","tag-misiones"],"_links":{"self":[{"href":"http:\/\/argentinamunicipal.com.ar\/argentina\/wp-json\/wp\/v2\/posts\/149660","targetHints":{"allow":["GET"]}}],"collection":[{"href":"http:\/\/argentinamunicipal.com.ar\/argentina\/wp-json\/wp\/v2\/posts"}],"about":[{"href":"http:\/\/argentinamunicipal.com.ar\/argentina\/wp-json\/wp\/v2\/types\/post"}],"author":[{"embeddable":true,"href":"http:\/\/argentinamunicipal.com.ar\/argentina\/wp-json\/wp\/v2\/users\/2"}],"replies":[{"embeddable":true,"href":"http:\/\/argentinamunicipal.com.ar\/argentina\/wp-json\/wp\/v2\/comments?post=149660"}],"version-history":[{"count":0,"href":"http:\/\/argentinamunicipal.com.ar\/argentina\/wp-json\/wp\/v2\/posts\/149660\/revisions"}],"wp:featuredmedia":[{"embeddable":true,"href":"http:\/\/argentinamunicipal.com.ar\/argentina\/wp-json\/wp\/v2\/media\/149661"}],"wp:attachment":[{"href":"http:\/\/argentinamunicipal.com.ar\/argentina\/wp-json\/wp\/v2\/media?parent=149660"}],"wp:term":[{"taxonomy":"category","embeddable":true,"href":"http:\/\/argentinamunicipal.com.ar\/argentina\/wp-json\/wp\/v2\/categories?post=149660"},{"taxonomy":"post_tag","embeddable":true,"href":"http:\/\/argentinamunicipal.com.ar\/argentina\/wp-json\/wp\/v2\/tags?post=149660"}],"curies":[{"name":"wp","href":"https:\/\/api.w.org\/{rel}","templated":true}]}}