{"id":149664,"date":"2024-08-30T05:42:43","date_gmt":"2024-08-30T08:42:43","guid":{"rendered":"http:\/\/argentinamunicipal.com.ar\/argentina\/?p=149664"},"modified":"2024-08-28T19:44:46","modified_gmt":"2024-08-28T22:44:46","slug":"cartoneros-carreros-y-recicladores-denuncian-una-crisis-del-carton","status":"publish","type":"post","link":"http:\/\/argentinamunicipal.com.ar\/argentina\/cartoneros-carreros-y-recicladores-denuncian-una-crisis-del-carton\/","title":{"rendered":"Cartoneros, carreros y recicladores denuncian una crisis del cart\u00f3n"},"content":{"rendered":"<p>La federaci\u00f3n que los nuclea a nivel nacional afirma que la apertura de importaciones provoco la ca\u00edda del precio de su trabajo. Apuntan contra las empresas que se stockean y se movilizan hasta la sede de Arcor.<\/p>\n<p>Este mi\u00e9rcoles por la ma\u00f1ana, la\u00a0Federaci\u00f3n Argentina de Carreros, Cartoneros y Recicladores (FACCyR)\u00a0desarrolla una medida de fuerza en todo el pa\u00eds para visibilizar lo que consideran una crisis del cart\u00f3n.<\/p>\n<p>Los trabajadores se movilizar\u00e1n hasta los principales centros operativos de CARTOCOR (perteneciente al grupo ARCOR), a quien apuntan como gran responsables de la situaci\u00f3n atraviesan. Es por eso que en C\u00f3rdoba capital la movilizaci\u00f3n se concentra\u00a0desde las 10 de la ma\u00f1ana frente a la sede del Grupo ARCOR, ubicada en calle Chacabuco al 1160.<\/p>\n<p>Seg\u00fan afirman desde la federaci\u00f3n que nuclea a estos trabajadores, tras la apertura de importaciones por parte del Gobierno nacional,\u00a0las grandes empresas papeleras han aprovechado la coyuntura para stockearse de material. De esta manera, dejaron de adquirir el cart\u00f3n local, generando una ca\u00edda del precio de este producto y golpeando de lleno a la actividad.<\/p>\n<p>\u00abDe una semana a la otra, los recuperadores urbanos que caminan diariamente largas distancias para ganarse el pan, descubrieron que el precio de su trabajo se redujo a m\u00e1s de la mitad\u00bb, informaron a trav\u00e9s de un comunicado.<\/p>\n<h6>Fuente: CBa24n.com.ar<\/h6>\n","protected":false},"excerpt":{"rendered":"<p>La federaci\u00f3n que los nuclea a nivel nacional afirma que la apertura de importaciones provoco la ca\u00edda del precio de su trabajo. Apuntan contra las empresas que se stockean<\/p>\n","protected":false},"author":2,"featured_media":149665,"comment_status":"closed","ping_status":"closed","sticky":false,"template":"","format":"standard","meta":{"footnotes":""},"categories":[2],"tags":[21],"class_list":["post-149664","post","type-post","status-publish","format-standard","has-post-thumbnail","hentry","category-informe-municipal","tag-argentina"],"_links":{"self":[{"href":"http:\/\/argentinamunicipal.com.ar\/argentina\/wp-json\/wp\/v2\/posts\/149664","targetHints":{"allow":["GET"]}}],"collection":[{"href":"http:\/\/argentinamunicipal.com.ar\/argentina\/wp-json\/wp\/v2\/posts"}],"about":[{"href":"http:\/\/argentinamunicipal.com.ar\/argentina\/wp-json\/wp\/v2\/types\/post"}],"author":[{"embeddable":true,"href":"http:\/\/argentinamunicipal.com.ar\/argentina\/wp-json\/wp\/v2\/users\/2"}],"replies":[{"embeddable":true,"href":"http:\/\/argentinamunicipal.com.ar\/argentina\/wp-json\/wp\/v2\/comments?post=149664"}],"version-history":[{"count":0,"href":"http:\/\/argentinamunicipal.com.ar\/argentina\/wp-json\/wp\/v2\/posts\/149664\/revisions"}],"wp:featuredmedia":[{"embeddable":true,"href":"http:\/\/argentinamunicipal.com.ar\/argentina\/wp-json\/wp\/v2\/media\/149665"}],"wp:attachment":[{"href":"http:\/\/argentinamunicipal.com.ar\/argentina\/wp-json\/wp\/v2\/media?parent=149664"}],"wp:term":[{"taxonomy":"category","embeddable":true,"href":"http:\/\/argentinamunicipal.com.ar\/argentina\/wp-json\/wp\/v2\/categories?post=149664"},{"taxonomy":"post_tag","embeddable":true,"href":"http:\/\/argentinamunicipal.com.ar\/argentina\/wp-json\/wp\/v2\/tags?post=149664"}],"curies":[{"name":"wp","href":"https:\/\/api.w.org\/{rel}","templated":true}]}}