{"id":149679,"date":"2024-08-29T06:26:12","date_gmt":"2024-08-29T09:26:12","guid":{"rendered":"http:\/\/argentinamunicipal.com.ar\/argentina\/?p=149679"},"modified":"2024-08-29T06:26:12","modified_gmt":"2024-08-29T09:26:12","slug":"tierra-del-fuego-la-participacion-de-los-pueblos-originarios-es-clave-para-un-futuro-sostenible","status":"publish","type":"post","link":"http:\/\/argentinamunicipal.com.ar\/argentina\/tierra-del-fuego-la-participacion-de-los-pueblos-originarios-es-clave-para-un-futuro-sostenible\/","title":{"rendered":"Tierra del Fuego: \u00abLa participaci\u00f3n de los pueblos originarios es clave para un futuro sostenible\u201d"},"content":{"rendered":"<p>El jueves pasado, en el marco de la Comisi\u00f3n N\u00ba 3 de Recursos Naturales, los legisladores del bloque Somos Fueguinos se pronunciaron a favor de que los pueblos originarios tengan un rol decisivo en la Comisi\u00f3n Consultiva de Bosques Nativos.<\/p>\n<p>Los parlamentarios destacaron que estas comunidades deben contar con poder de voto, permiti\u00e9ndoles influir directamente en las decisiones que afectan el entorno natural, fundamental para un desarrollo sustentable.<\/p>\n<p>El dictamen aprobado, impulsado por la legisladora Mar\u00eda Laura Colazo, tiene como objetivo asegurar la participaci\u00f3n permanente de los pueblos nativos en el Consejo Consultivo Provincial de Bosques Nativos. Los legisladores del bloque Somos Fueguinos subrayaron que la inclusi\u00f3n de estas comunidades es una herramienta efectiva para la protecci\u00f3n de los recursos naturales.<\/p>\n<p>Durante la comisi\u00f3n, representantes de las comunidades Rafaela Ishton y Paiakoala estuvieron presentes y apoyaron la iniciativa. Colazo, presidenta de la Comisi\u00f3n de Recursos Naturales, se\u00f1al\u00f3: \u201cTenemos la oportunidad de reconocer y visibilizar a los pueblos originarios de nuestra Provincia, que vivieron y a\u00fan viven en estas tierras, y proponer una reparaci\u00f3n hist\u00f3rica\u201d.<\/p>\n<p>Los legisladores del bloque Somos Fueguinos insistieron en que otorgar poder de voto a los pueblos nativos es clave para que las pol\u00edticas medioambientales no se queden en promesas vac\u00edas, sino que se conviertan en acciones concretas basadas en el conocimiento ancestral y la experiencia de estas comunidades.<\/p>\n<h6>Fuente: Reporte Austral<\/h6>\n","protected":false},"excerpt":{"rendered":"<p>El jueves pasado, en el marco de la Comisi\u00f3n N\u00ba 3 de Recursos Naturales, los legisladores del bloque Somos Fueguinos se pronunciaron a favor de que los pueblos originarios tengan un rol decisivo en la Comisi\u00f3n Consultiva de Bosques Nativos.<\/p>\n","protected":false},"author":2,"featured_media":149680,"comment_status":"closed","ping_status":"closed","sticky":false,"template":"","format":"standard","meta":{"footnotes":""},"categories":[65],"tags":[34],"class_list":["post-149679","post","type-post","status-publish","format-standard","has-post-thumbnail","hentry","category-provincias","tag-tierra-del-fuego"],"_links":{"self":[{"href":"http:\/\/argentinamunicipal.com.ar\/argentina\/wp-json\/wp\/v2\/posts\/149679","targetHints":{"allow":["GET"]}}],"collection":[{"href":"http:\/\/argentinamunicipal.com.ar\/argentina\/wp-json\/wp\/v2\/posts"}],"about":[{"href":"http:\/\/argentinamunicipal.com.ar\/argentina\/wp-json\/wp\/v2\/types\/post"}],"author":[{"embeddable":true,"href":"http:\/\/argentinamunicipal.com.ar\/argentina\/wp-json\/wp\/v2\/users\/2"}],"replies":[{"embeddable":true,"href":"http:\/\/argentinamunicipal.com.ar\/argentina\/wp-json\/wp\/v2\/comments?post=149679"}],"version-history":[{"count":0,"href":"http:\/\/argentinamunicipal.com.ar\/argentina\/wp-json\/wp\/v2\/posts\/149679\/revisions"}],"wp:featuredmedia":[{"embeddable":true,"href":"http:\/\/argentinamunicipal.com.ar\/argentina\/wp-json\/wp\/v2\/media\/149680"}],"wp:attachment":[{"href":"http:\/\/argentinamunicipal.com.ar\/argentina\/wp-json\/wp\/v2\/media?parent=149679"}],"wp:term":[{"taxonomy":"category","embeddable":true,"href":"http:\/\/argentinamunicipal.com.ar\/argentina\/wp-json\/wp\/v2\/categories?post=149679"},{"taxonomy":"post_tag","embeddable":true,"href":"http:\/\/argentinamunicipal.com.ar\/argentina\/wp-json\/wp\/v2\/tags?post=149679"}],"curies":[{"name":"wp","href":"https:\/\/api.w.org\/{rel}","templated":true}]}}