{"id":149682,"date":"2024-08-30T05:00:39","date_gmt":"2024-08-30T08:00:39","guid":{"rendered":"http:\/\/argentinamunicipal.com.ar\/argentina\/?p=149682"},"modified":"2024-08-29T06:28:31","modified_gmt":"2024-08-29T09:28:31","slug":"comodoro-le-reclama-federalismo-a-aerolineas-argentinas","status":"publish","type":"post","link":"http:\/\/argentinamunicipal.com.ar\/argentina\/comodoro-le-reclama-federalismo-a-aerolineas-argentinas\/","title":{"rendered":"Comodoro le reclama federalismo a Aerol\u00edneas Argentinas"},"content":{"rendered":"<p>A trav\u00e9s del Ente Comodoro Turismo, el municipio expres\u00f3 su preocupaci\u00f3n ante el reciente anuncio de la empresa Aerol\u00edneas Argentinas sobre la suspensi\u00f3n de una ruta a\u00e9rea que incluye a esta ciudad y que se har\u00eda efectiva a partir del 1 de octubre.<\/p>\n<p>La medida -anticipada por El Patag\u00f3nico el lunes- afectar\u00e1 desde el 1 de octubre a tres frecuencias semanales que unen Comodoro Rivadavia con Aeroparque y las ciudades de Mar del Plata y Bah\u00eda Blanca. Esta decisi\u00f3n no solo impacta a Comodoro, sino tambi\u00e9n de manera significativa al flujo de pasajeros de toda la regi\u00f3n patag\u00f3nica, ya que implica la desaparici\u00f3n de las escalas de Trelew y R\u00edo Gallegos.<\/p>\n<p>En este sentido el gerente de Comodoro Turismo, Eduardo Carrasco, inform\u00f3 que desde el Ente y en sinton\u00eda con el lineamiento del intendente, Othar Macharashvili, se ha establecido un di\u00e1logo con las autoridades de Aerol\u00edneas Argentinas a fin de buscar alternativas que minimicen el impacto de dicha decisi\u00f3n.<\/p>\n<p>\u201cDesde nuestro lugar, no s\u00f3lo ponemos en relevancia la importancia de contar con esta conexi\u00f3n a\u00e9rea que conecta el sur con el centro del pa\u00eds, sino que tambi\u00e9n le reclamamos a Aerol\u00edneas Argentinas que cumpla con la premisa de mantener el federalismo. Como l\u00ednea a\u00e9rea de bandera, su misi\u00f3n es garantizar la conectividad dentro de Argentina, con el objetivo de ser una herramienta fundamental para el desarrollo econ\u00f3mico, social y cultural de nuestro pa\u00eds\u201d.<\/p>\n<p>En dicho marco, el funcionario reiter\u00f3 que \u201cse est\u00e1 gestionando una soluci\u00f3n que garantice la conectividad que necesitamos como ciudad productiva y destino tur\u00edstico. El impacto es grande en todo sentido porque nuestra econom\u00eda local depende en gran medida del acceso a\u00e9reo y eso es muy preocupante\u201d.<\/p>\n<h6>Fuente: El Patag\u00f3nico<\/h6>\n","protected":false},"excerpt":{"rendered":"<p>A trav\u00e9s del Ente Comodoro Turismo, el municipio expres\u00f3 su preocupaci\u00f3n ante el reciente anuncio de la empresa Aerol\u00edneas Argentinas sobre la suspensi\u00f3n de una ruta a\u00e9rea que incluye a esta ciudad y que se har\u00eda efectiva a partir del 1 de octubre.<\/p>\n","protected":false},"author":2,"featured_media":149683,"comment_status":"closed","ping_status":"closed","sticky":false,"template":"","format":"standard","meta":{"footnotes":""},"categories":[2],"tags":[14],"class_list":["post-149682","post","type-post","status-publish","format-standard","has-post-thumbnail","hentry","category-informe-municipal","tag-chubut"],"_links":{"self":[{"href":"http:\/\/argentinamunicipal.com.ar\/argentina\/wp-json\/wp\/v2\/posts\/149682","targetHints":{"allow":["GET"]}}],"collection":[{"href":"http:\/\/argentinamunicipal.com.ar\/argentina\/wp-json\/wp\/v2\/posts"}],"about":[{"href":"http:\/\/argentinamunicipal.com.ar\/argentina\/wp-json\/wp\/v2\/types\/post"}],"author":[{"embeddable":true,"href":"http:\/\/argentinamunicipal.com.ar\/argentina\/wp-json\/wp\/v2\/users\/2"}],"replies":[{"embeddable":true,"href":"http:\/\/argentinamunicipal.com.ar\/argentina\/wp-json\/wp\/v2\/comments?post=149682"}],"version-history":[{"count":0,"href":"http:\/\/argentinamunicipal.com.ar\/argentina\/wp-json\/wp\/v2\/posts\/149682\/revisions"}],"wp:featuredmedia":[{"embeddable":true,"href":"http:\/\/argentinamunicipal.com.ar\/argentina\/wp-json\/wp\/v2\/media\/149683"}],"wp:attachment":[{"href":"http:\/\/argentinamunicipal.com.ar\/argentina\/wp-json\/wp\/v2\/media?parent=149682"}],"wp:term":[{"taxonomy":"category","embeddable":true,"href":"http:\/\/argentinamunicipal.com.ar\/argentina\/wp-json\/wp\/v2\/categories?post=149682"},{"taxonomy":"post_tag","embeddable":true,"href":"http:\/\/argentinamunicipal.com.ar\/argentina\/wp-json\/wp\/v2\/tags?post=149682"}],"curies":[{"name":"wp","href":"https:\/\/api.w.org\/{rel}","templated":true}]}}