{"id":149699,"date":"2024-08-30T05:46:01","date_gmt":"2024-08-30T08:46:01","guid":{"rendered":"http:\/\/argentinamunicipal.com.ar\/argentina\/?p=149699"},"modified":"2024-08-29T19:49:33","modified_gmt":"2024-08-29T22:49:33","slug":"reforma-laboral-sturzenegger-se-corta-solo-para-eliminar-vacaciones-aguinaldo-e-indemnizaciones","status":"publish","type":"post","link":"http:\/\/argentinamunicipal.com.ar\/argentina\/reforma-laboral-sturzenegger-se-corta-solo-para-eliminar-vacaciones-aguinaldo-e-indemnizaciones\/","title":{"rendered":"Reforma laboral: Sturzenegger se corta solo para eliminar vacaciones, aguinaldo e indemnizaciones"},"content":{"rendered":"<p>La reforma laboral de la Ley Bases se reglamentar\u00e1 y el ministro estrella de Javier Milei no est\u00e1 dispuesto a ceder nada<\/p>\n<p>Mientras el ala pol\u00edtica del Gobierno trata de tender puentes, al menos en lo discursivo, para mostrar que negocia con la CGT una reglamentaci\u00f3n de la reforma laboral, Federico Sturzenegger agita aguas y dice que esta semana ver\u00e1 la luz la normativa tal como fue sancionada en el Parlamento. Sin cambios e incluyendo los puntos que m\u00e1s irritan al sindicalismo: el \u00abfondo de cese\u00bb que podr\u00e1 reemplazar a las indemnizaciones, la figura de \u00abcolaborador independiente\u00bb sin vacaciones pagas ni aguinaldo, y la limitaci\u00f3n del derecho a huelga.<\/p>\n<p>El ministro de Desregulaci\u00f3n y Transformaci\u00f3n del Estado, se mueve por su cuenta,\u00a0sin la necesidad de consensuar su discurso, y ya avis\u00f3 varias veces que no est\u00e1 dispuesto a que la ley cambie por un entendimiento con el gremialismo. Su idea la volvi\u00f3 a ratificar en las \u00faltimas horas en entrevista en un \u00e1mbito amable: un streaming con el asesor econ\u00f3mico de Javier Milei, Miguel Boggiano.<\/p>\n<p><strong>La reforma laboral que quiere Sturzenegger<\/strong><br \/>\n\u00abJavier les est\u00e1 dando a las partes (la posibilidad de) que tengan la libertad de contraer su propio sistema acorde a las necesidades de la industria, con las caracter\u00edsticas de su industria. Es la reforma m\u00e1s importante del mercado laboral que hayamos visto en d\u00e9cadas\u00bb, manifest\u00f3.\u00a0E insisti\u00f3 con la vieja idea de la \u00abindustria de los juicios por despidos\u00bb y con que la reforma laboral sale\u00b4, s\u00ed o si, tal como fue acordada en el Congreso.<\/p>\n<p>En ese marco, el ministro coment\u00f3 que\u00a0\u00abel Estado atrasa\u00bb y sostuvo que hay que profundizar su achicamiento. Tambi\u00e9n valor\u00f3 la creaci\u00f3n de la cartera que conduce al se\u00f1alar que \u00abno hay antecedentes de un ministerio de desregulaci\u00f3n\u00bb que tiene por objetivo \u00abeliminar leyes para sacarles el pie de encima a los argentinos y a los productores\u00bb.<\/p>\n<p>\u00abTodo lo que el Estado gasta alguien lo paga\u00bb, dijo Sturzenegger, en una argumentaci\u00f3n obvia. \u00abTenemos mucho trabajo para ordenar el Estado en \u00e1mbitos que no aportan ning\u00fan valor a la sociedad\u00bb, indic\u00f3.<\/p>\n<p><strong>Un curioso punto de vista sobre los sueldos<\/strong><br \/>\nEl economista afirm\u00f3 que uno de los grandes costos argentinos es el del Estado que \u00abdetrae recursos\u00bb, los cuales se tienen que financiar\u00a0\u00abcon altos impuestos y pagando menores salarios\u00bb. Es decir, dio a entender que seg\u00fan su particular punto de vista, los empresarios que dejen de pagar impuestos no engrosar\u00edan sus ganancias sino que destinar\u00edan ese ahorro a abonar mejores sueldos.<\/p>\n<p>\u00abEstado grande es salarios bajos en el sector privado. Es una obviedad\u00bb, consider\u00f3. Si bajamos impuestos va a haber mayor retorno al capital y mayor retorno al trabajo\u00bb, asegur\u00f3.<\/p>\n<p>En otro foco habitual del tipo de discurso que enarbola, Sturzenegger le peg\u00f3 al peronismo, al que calific\u00f3 como\u00a0\u00abel gestor del modelo de castas\u00bb y el protector de las empresas y los sindicatos mientras \u00ablos argentinos est\u00e1n ahog\u00e1ndose\u00bb. \u00abEse sistema est\u00e1 armado para sacarles rentas a los argentinos y pasarlas a estas castas\u00bb, opin\u00f3.<\/p>\n<p><strong>Las claves para la CGT<\/strong><br \/>\nUno de los puntos fundamentales de los cambios sancionados tiene que ver con la generalizaci\u00f3n del sistema que aplica la Uni\u00f3n Obrera de la Construcci\u00f3n (UOCRA) y que reemplaza las indemnizaciones por despido.<\/p>\n<p>El sindicato de Gerardo Mart\u00ednez,\u00a0pieza clave de la CGT, tiene un mecanismo por el cual se reemplazan las indemnizaciones por la creaci\u00f3n de un fondo o sistema de cese laboral. El gremio tiene ese singular sistema porque, a diferencia de un empleado que trabaja en relaci\u00f3n de dependencia, el tiempo de contrataci\u00f3n de un obrero depende del plazo que dure en la obra donde trabaja.<\/p>\n<p>En la calle Azopardo no lo ven con malos ojos siempre y cuando cada gremio pueda negociar si se implementa el m\u00e9todo o no en su rama.<\/p>\n<p>En cambio, s\u00ed siguen pidiendo que se quite la figura del trabajador independiente que permite que una mini pyme funcione con monotributistas, en una suerte de legalizaci\u00f3n del trabajo en negro. Tamb\u00e9n que se quite el causal de despido por bloqueo a empresas.\u00a0\u201cLa redacci\u00f3n de los art\u00edculos es muy imprecisa, va a traer muchos inconvenientes, incluso judicializaci\u00f3n\u201d, dicen desde la central obrera.<\/p>\n<h6>Fuente: El Ciudadano<\/h6>\n","protected":false},"excerpt":{"rendered":"<p>La reforma laboral de la Ley Bases se reglamentar\u00e1 y el ministro estrella de Javier Milei no est\u00e1 dispuesto a ceder nada<\/p>\n","protected":false},"author":2,"featured_media":149700,"comment_status":"closed","ping_status":"closed","sticky":false,"template":"","format":"standard","meta":{"footnotes":""},"categories":[8],"tags":[21],"class_list":["post-149699","post","type-post","status-publish","format-standard","has-post-thumbnail","hentry","category-informe-nacional","tag-argentina"],"_links":{"self":[{"href":"http:\/\/argentinamunicipal.com.ar\/argentina\/wp-json\/wp\/v2\/posts\/149699","targetHints":{"allow":["GET"]}}],"collection":[{"href":"http:\/\/argentinamunicipal.com.ar\/argentina\/wp-json\/wp\/v2\/posts"}],"about":[{"href":"http:\/\/argentinamunicipal.com.ar\/argentina\/wp-json\/wp\/v2\/types\/post"}],"author":[{"embeddable":true,"href":"http:\/\/argentinamunicipal.com.ar\/argentina\/wp-json\/wp\/v2\/users\/2"}],"replies":[{"embeddable":true,"href":"http:\/\/argentinamunicipal.com.ar\/argentina\/wp-json\/wp\/v2\/comments?post=149699"}],"version-history":[{"count":0,"href":"http:\/\/argentinamunicipal.com.ar\/argentina\/wp-json\/wp\/v2\/posts\/149699\/revisions"}],"wp:featuredmedia":[{"embeddable":true,"href":"http:\/\/argentinamunicipal.com.ar\/argentina\/wp-json\/wp\/v2\/media\/149700"}],"wp:attachment":[{"href":"http:\/\/argentinamunicipal.com.ar\/argentina\/wp-json\/wp\/v2\/media?parent=149699"}],"wp:term":[{"taxonomy":"category","embeddable":true,"href":"http:\/\/argentinamunicipal.com.ar\/argentina\/wp-json\/wp\/v2\/categories?post=149699"},{"taxonomy":"post_tag","embeddable":true,"href":"http:\/\/argentinamunicipal.com.ar\/argentina\/wp-json\/wp\/v2\/tags?post=149699"}],"curies":[{"name":"wp","href":"https:\/\/api.w.org\/{rel}","templated":true}]}}