{"id":149741,"date":"2024-09-02T06:36:48","date_gmt":"2024-09-02T09:36:48","guid":{"rendered":"http:\/\/argentinamunicipal.com.ar\/argentina\/?p=149741"},"modified":"2024-09-02T06:36:48","modified_gmt":"2024-09-02T09:36:48","slug":"la-red-social-x-de-elon-musk-fue-bloqueada-en-brasil","status":"publish","type":"post","link":"http:\/\/argentinamunicipal.com.ar\/argentina\/la-red-social-x-de-elon-musk-fue-bloqueada-en-brasil\/","title":{"rendered":"La red social X, de Elon Musk, fue bloqueada en Brasil"},"content":{"rendered":"<p>Cinco jueces del Tribunal Supremo confirmar\u00e1n o rechazar\u00e1n hoy la medida<\/p>\n<p>El bloqueo en Brasil de la red social X, propiedad del multimillonario Elon Musk, comenz\u00f3 en la madrugada del s\u00e1bado, horas despu\u00e9s de que un juez de la corte suprema ordenara su suspensi\u00f3n alegando incumplimientos judiciales de la plataforma, constat\u00f3 la AFP.<\/p>\n<p>El acceso al sitio web del medio social, antes conocido como Twitter, ya no es posible para algunos usuarios en ese pa\u00eds que se encuentran con un mensaje que les pide recargar el navegador sin que en ning\u00fan momento consigan ingresar de forma exitosa. La aplicaci\u00f3n m\u00f3vil, de su lado, ya no ofrece nuevos contenidos ni permite realizar publicaciones o interacciones.<\/p>\n<p>La medida responde a una decisi\u00f3n tomada la noche del viernes por el magistrado Alexandre de Moraes del Supremo Tribunal Federal (STF). Lo hizo luego de que la firma incumpliera un ultim\u00e1tum lanzado el mi\u00e9rcoles que le ordenaba a X nombrar un representante legal en el gigante latinoamericano so pena de bloquearla.<\/p>\n<p>En tanto, una sala de cinco miembros del Supremo Tribunal Federal de Brasil votar\u00e1 hoy si confirma la decisi\u00f3n de de Moraes de cerrar la plataforma de medios sociales X en el pa\u00eds. Moraes, a quien el propietario de X, Elon Musk, tach\u00f3 de \u201cdictador\u201d, convoc\u00f3 una sesi\u00f3n virtual de la primera sala del tribunal -de la que es miembro- para que sus pares puedan revisar su decisi\u00f3n.<\/p>\n<p>La red social X fue la arena en la que en los \u00faltimos d\u00edas Musk despleg\u00f3 su artiller\u00eda discursiva contra el gobierno de Lula da Silva. All\u00ed, el viernes le dedic\u00f3 decenas de \u201cDe Moraes es un criminal que viste t\u00fanica de juez como si fuera un disfraz de Halloween\u201d, dijo. \u201cLos ataques a la libertad de expresi\u00f3n de este a\u00f1o no tienen precedentes en el siglo XXI. Tambi\u00e9n pasar\u00e1 en Estados Unidos si Kamala\/Walz llegan al poder. S\u00f3lo hay que escuchar lo que han dicho\u201d, expres\u00f3 Musk sobre la candidata dem\u00f3crata a la presidencia.<\/p>\n<p>Europa tambi\u00e9n desaf\u00eda al magnate<br \/>\nAdem\u00e1s del enfrentamiento de Elon Musk con la justicia brasile\u00f1a que llev\u00f3 al bloqueo de X en Brasil, desde hace meses, el multimillonario sudafricano y la Uni\u00f3n Europea (UE) avanzan vertiginosamente en una trayectoria de colisi\u00f3n.<\/p>\n<p>Si faltaba alguna prueba, el empresario libertario aport\u00f3 la \u00faltima evidencia el 12 de agosto cuando dialog\u00f3 en directo con su nuevo \u00eddolo Donald Trump por X.<\/p>\n<p>Pocas horas antes, el comisario europeo Thierry Breton le hab\u00eda recordado a Musk las obligaciones de moderaci\u00f3n que define la nueva reglamentaci\u00f3n europea DSA (Digital Services Act) y la necesidad de suprimir las cuentas il\u00edcitas que alberga X para evitar la \u201cdifusi\u00f3n de contenidos peligrosos\u201d.<\/p>\n<p>Aunque no parezca grave a simple vista, ese enfrentamiento representa un conflicto geopol\u00edtico de primera magnitud. En caso de faltas graves y repetidas, la directiva europea DSA puede bloquear el acceso de una red social a Europa.<\/p>\n<h6>Fuente: hoyd\u00eda.com.ar<\/h6>\n","protected":false},"excerpt":{"rendered":"<p>Cinco jueces del Tribunal Supremo confirmar\u00e1n o rechazar\u00e1n hoy la medida<\/p>\n","protected":false},"author":2,"featured_media":149742,"comment_status":"closed","ping_status":"closed","sticky":false,"template":"","format":"standard","meta":{"footnotes":""},"categories":[22],"tags":[57],"class_list":["post-149741","post","type-post","status-publish","format-standard","has-post-thumbnail","hentry","category-el-mundo","tag-el-mundo"],"_links":{"self":[{"href":"http:\/\/argentinamunicipal.com.ar\/argentina\/wp-json\/wp\/v2\/posts\/149741","targetHints":{"allow":["GET"]}}],"collection":[{"href":"http:\/\/argentinamunicipal.com.ar\/argentina\/wp-json\/wp\/v2\/posts"}],"about":[{"href":"http:\/\/argentinamunicipal.com.ar\/argentina\/wp-json\/wp\/v2\/types\/post"}],"author":[{"embeddable":true,"href":"http:\/\/argentinamunicipal.com.ar\/argentina\/wp-json\/wp\/v2\/users\/2"}],"replies":[{"embeddable":true,"href":"http:\/\/argentinamunicipal.com.ar\/argentina\/wp-json\/wp\/v2\/comments?post=149741"}],"version-history":[{"count":0,"href":"http:\/\/argentinamunicipal.com.ar\/argentina\/wp-json\/wp\/v2\/posts\/149741\/revisions"}],"wp:featuredmedia":[{"embeddable":true,"href":"http:\/\/argentinamunicipal.com.ar\/argentina\/wp-json\/wp\/v2\/media\/149742"}],"wp:attachment":[{"href":"http:\/\/argentinamunicipal.com.ar\/argentina\/wp-json\/wp\/v2\/media?parent=149741"}],"wp:term":[{"taxonomy":"category","embeddable":true,"href":"http:\/\/argentinamunicipal.com.ar\/argentina\/wp-json\/wp\/v2\/categories?post=149741"},{"taxonomy":"post_tag","embeddable":true,"href":"http:\/\/argentinamunicipal.com.ar\/argentina\/wp-json\/wp\/v2\/tags?post=149741"}],"curies":[{"name":"wp","href":"https:\/\/api.w.org\/{rel}","templated":true}]}}