{"id":149771,"date":"2024-09-04T05:44:49","date_gmt":"2024-09-04T08:44:49","guid":{"rendered":"http:\/\/argentinamunicipal.com.ar\/argentina\/?p=149771"},"modified":"2024-09-03T17:47:18","modified_gmt":"2024-09-03T20:47:18","slug":"el-intendente-de-mendoza-le-respondio-a-luis-caputo-tras-una-critica-por-el-orden-fiscal-en-las-municipalidades","status":"publish","type":"post","link":"http:\/\/argentinamunicipal.com.ar\/argentina\/el-intendente-de-mendoza-le-respondio-a-luis-caputo-tras-una-critica-por-el-orden-fiscal-en-las-municipalidades\/","title":{"rendered":"El intendente de Mendoza le respondi\u00f3 a Luis Caputo tras una cr\u00edtica por el orden fiscal en las municipalidades"},"content":{"rendered":"<p>El intendente de la Ciudad de Mendoza Ulpiano Suarez dio su opini\u00f3n sobre c\u00f3mo se debe equilibrio fiscal en los municipios tras las cr\u00edticas generalizadas de Luis Caputo<\/p>\n<p>Aunque no mencion\u00f3 a ning\u00fan municipio en particular, el ministro de Econom\u00eda de la Naci\u00f3n,\u00a0Luis Caputo,\u00a0lanz\u00f3 cr\u00edticas generalizadas a las municipalidades y quien sali\u00f3 a responderle fue el intendente de la\u00a0Ciudad de Mendoza, Ulpiano Suarez.\u00a0Todo eso ocurri\u00f3 este lunes en la red social X.<\/p>\n<p>Caputo tom\u00f3 el guante de un an\u00e1lisis realizado por el economista Gustavo Lazzari y entre otros conceptos afirm\u00f3 que \u00abcobardemente las municipalidades esconden sus aumentos en facturas de otros bienes o servicios, ajenas a ellas\u00bb.<\/p>\n<p>R\u00e1pidamente le respondi\u00f3 Ulpiano y si bien no lo contradijo, s\u00ed aclar\u00f3 que \u00abel orden fiscal se logra eximiendo de tasas y aforos a las inversiones, no creando nuevas. As\u00ed gestionamos en la Ciudad de Mendoza y sum\u00f3 a su posteo un link con una nota de Diario UNO en la que se cuenta que puso en marcha un plan para convertir a la Ciudad en un polo de inversiones.<\/p>\n<p><strong>Luis Caputo critic\u00f3 y Ulpiano Suarez le respondi\u00f3<\/strong><br \/>\nLuis Toto Caputo\u00a0se lanz\u00f3 a cuestionar duramente a las municipalidades, en forma generalizada: \u00abEs tal cual dice Gustavo Lazzari. Los municipios est\u00e1n aumentando de forma descontrolada sus tasas y lo hacen no solamente con fines recaudatorios sino tambi\u00e9n pol\u00edticos: obstaculizan el programa econ\u00f3mico que lleva adelante este gobierno para bajar la inflaci\u00f3n y, como siempre, los grandes perdedores son los ciudadanos\u00bb.<\/p>\n<p>El funcionario de Milei dijo tambi\u00e9n: \u00abPara que la gente lo entienda: las tasas tienen que tener, seg\u00fan la Corte, una relaci\u00f3n directa con un servicio efectivamente prestado; y el monto, como es obvio, tiene que guardar razonable proporci\u00f3n con el costo de ese servicio que retribuye. Las tasas en aumento no solamente carecen (en muchos casos) de una prestaci\u00f3n efectiva y directa, sino que, adem\u00e1s, su monto es completamente exorbitante e irrazonable. \u00c9sto se traduce en un evidente incremento de los precios que pagan los consumidores\u00bb.<\/p>\n<p>Y concluy\u00f3:\u00a0\u00abLo peor: cobardemente las municipalidades esconden sus aumentos en facturas de otros bienes o servicios, ajenas a ellas.\u00a0Ya me he reunido con distintos actores involucrados en la problem\u00e1tica y estamos analizando la mejor estrategia para frenar a los vivos de siempre. La baja de la inflaci\u00f3n es innegociable\u00bb.<\/p>\n<p>La respuesta de Suarez fue breve y contundente:\u00a0\u00abEl camino es el orden fiscal, los incentivos a la inversi\u00f3n privada y la mejora continua de los servicios. Es eximiendo de tasas y aforos a las inversiones, no creando nuevas. As\u00ed gestionamos en la Ciudad de Mendoza\u00bb.<\/p>\n<p><strong>Ulpiano Suarez abrir\u00e1 la convenci\u00f3n a la que est\u00e1 invitado Javier Milei<\/strong><br \/>\nEl programa de la convenci\u00f3n anual del Instituto Argentino de Ejecutivos de Finanzas (IAEF), que se desarrollar\u00e1 en Mendoza el jueves y el viernes con la presencia de Javier Milei prev\u00e9 que la apertura est\u00e9 a cargo del intendente de la Ciudad de Mendoza, Ulpiano Suarez. Lo acompa\u00f1ar\u00e1 Diego Cazorla, de la instituci\u00f3n organizadora.<\/p>\n<p>Toda la actividad tendr\u00e1 lugar en el hotel Sheraton, de Ciudad, con la participaci\u00f3n de funcionarios nacionales y provinciales adem\u00e1s de referentes del sector empresario.<\/p>\n<p>\u00abEstamos hablando de casi una segunda refundaci\u00f3n de Mendoza despu\u00e9s del terremoto de 1861 impulsada fuertemente por capitales privados acompa\u00f1ados por distintas medidas municipales\u00bb, afirm\u00f3\u00a0Ulpiano Suarez. En este sentido, la semana pasada el jefe comunal de la Ciudad de Mendoza envi\u00f3 un proyecto de ordenanza para adherir al RIGI.<\/p>\n<p>Desde la comuna citadina destacaron que \u00abeste prestigioso evento se realizar\u00e1 en el marco de un plan de inversiones privadas hist\u00f3rico para la Ciudad, con m\u00e1s de 130.000 m2 en construcci\u00f3n de departamentos, oficinas y nuevas viviendas\u00bb.<\/p>\n<p>El jueves, alrededor de las 15,\u00a0Ulpiano Suarez\u00a0intervendr\u00e1 en la\u00a0apertura de la convenci\u00f3n\u00a0junto a\u00a0Diego Cazorla, presidente de\u00a0IAEF. En esa misma jornada, est\u00e1 previsto que expongan Diego Guelar, ex embajador argentino; el economista Juan Carlos de Pablo y los diputados nacionales Ricardo L\u00f3pez Murphy, Miguel \u00c1ngel Pichetto y Mart\u00edn Tetaz, junto al ex candidato a presidente, Juan Schiaretti.<\/p>\n<p>El viernes por la ma\u00f1ana estar\u00e1n subiendo al escenario del hotel de calle Primitivo de la Reta,\u00a0Patricia Bullrich, ministra de Seguridad de la Naci\u00f3n y el gobernador\u00a0Alfredo Cornejo, entre otros funcionarios y ejecutivos destacados.<\/p>\n<p>Para el final se espera la participaci\u00f3n de\u00a0Santiago Bausili, presidente del Banco Central;\u00a0Federico Sturzenegger, ministro de Desregulaci\u00f3n y Transformaci\u00f3n y el presidente\u00a0Javier Milei, que estar\u00e1 a cargo del cierre.<\/p>\n<h6>Fuente: Uno<\/h6>\n","protected":false},"excerpt":{"rendered":"<p>El intendente de la Ciudad de Mendoza Ulpiano Suarez dio su opini\u00f3n sobre c\u00f3mo se debe equilibrio fiscal en los municipios tras las cr\u00edticas generalizadas de Luis Caputo<\/p>\n","protected":false},"author":2,"featured_media":149772,"comment_status":"closed","ping_status":"closed","sticky":false,"template":"","format":"standard","meta":{"footnotes":""},"categories":[4],"tags":[31],"class_list":["post-149771","post","type-post","status-publish","format-standard","has-post-thumbnail","hentry","category-informe-politico","tag-mendoza"],"_links":{"self":[{"href":"http:\/\/argentinamunicipal.com.ar\/argentina\/wp-json\/wp\/v2\/posts\/149771","targetHints":{"allow":["GET"]}}],"collection":[{"href":"http:\/\/argentinamunicipal.com.ar\/argentina\/wp-json\/wp\/v2\/posts"}],"about":[{"href":"http:\/\/argentinamunicipal.com.ar\/argentina\/wp-json\/wp\/v2\/types\/post"}],"author":[{"embeddable":true,"href":"http:\/\/argentinamunicipal.com.ar\/argentina\/wp-json\/wp\/v2\/users\/2"}],"replies":[{"embeddable":true,"href":"http:\/\/argentinamunicipal.com.ar\/argentina\/wp-json\/wp\/v2\/comments?post=149771"}],"version-history":[{"count":0,"href":"http:\/\/argentinamunicipal.com.ar\/argentina\/wp-json\/wp\/v2\/posts\/149771\/revisions"}],"wp:featuredmedia":[{"embeddable":true,"href":"http:\/\/argentinamunicipal.com.ar\/argentina\/wp-json\/wp\/v2\/media\/149772"}],"wp:attachment":[{"href":"http:\/\/argentinamunicipal.com.ar\/argentina\/wp-json\/wp\/v2\/media?parent=149771"}],"wp:term":[{"taxonomy":"category","embeddable":true,"href":"http:\/\/argentinamunicipal.com.ar\/argentina\/wp-json\/wp\/v2\/categories?post=149771"},{"taxonomy":"post_tag","embeddable":true,"href":"http:\/\/argentinamunicipal.com.ar\/argentina\/wp-json\/wp\/v2\/tags?post=149771"}],"curies":[{"name":"wp","href":"https:\/\/api.w.org\/{rel}","templated":true}]}}