{"id":149832,"date":"2024-09-09T05:49:08","date_gmt":"2024-09-09T08:49:08","guid":{"rendered":"http:\/\/argentinamunicipal.com.ar\/argentina\/?p=149832"},"modified":"2024-09-04T19:49:47","modified_gmt":"2024-09-04T22:49:47","slug":"en-san-rafael-votaron-una-tasa-municipal-para-sumar-a-la-lucha-antigranizo","status":"publish","type":"post","link":"http:\/\/argentinamunicipal.com.ar\/argentina\/en-san-rafael-votaron-una-tasa-municipal-para-sumar-a-la-lucha-antigranizo\/","title":{"rendered":"En San Rafael votaron una tasa municipal para sumar a la lucha antigranizo"},"content":{"rendered":"<p>Los resultados de la audiencia p\u00fablica y vinculante registr\u00f3 160 votos afirmativos y 7 negativos. Se inscribieron 283 entidades<\/p>\n<p>La\u00a0audiencia p\u00fablica\u00a0y vinculante, a la que se enfrentaron los sanrafaelinos para votar si\u00a0continuar o no con la lucha antigranizo\u00a0a trav\u00e9s de un cobro extra en la boleta de luz, sali\u00f3 este martes\u00a0a favor\u00a0por 160 votos afirmativos, 7 negativos, 5 en blanco y 2 abstenciones. El siguiente paso, es que el proyecto pase al Concejo Deliberante para su aprobaci\u00f3n.<\/p>\n<p>En General Alvear, el viernes 30 de junio, el intendente logr\u00f3 la aprobaci\u00f3n de una ordenanza por la cual esos vecinos aportar\u00e1n el 4% extra de su factura de electricidad para pagar la Lucha Antigranizo.<\/p>\n<p>En el caso de San Rafael, el intendente Omar F\u00e9lix decidi\u00f3 someterlo a consulta popular, la cual comenz\u00f3 a las 16 de este martes en el Centro de Congresos y Exposiciones. All\u00ed cada uno de los inscriptos, en total 283, represent\u00f3 a una entidad y pudo pedir la palabra para argumentar su posterior voto.<\/p>\n<p><strong>Las palabras del intendente de San Rafael, Omar F\u00e9lix<\/strong><br \/>\nEl\u00a0intendente de San Rafael, Omar F\u00e9lix, expres\u00f3 durante la jornada de este martes luego de conocerse los resultados: \u00abEspero que el Gobierno provincial no se haga el distra\u00eddo y comprenda que tiene una caja m\u00e1s grande que la que tienen los municipios y aporte para que se pueda poner en marcha\u00bb.<\/p>\n<p>\u00abNecesitamos con urgencia los fondos para la empresa que va a tener que comprar la coheter\u00eda que, adem\u00e1s, ha dicho que va a comprar del\u00a0Ice Crystal de Estados Unidos, que son la mejor coheter\u00eda\u00bb, continu\u00f3.<\/p>\n<p>Con respecto a cu\u00e1nto aumentar\u00e1 la factura, desliz\u00f3: \u00abCuando uno empieza a hacer las simulaciones, siempre la frazada es corta. Entonces, cuando la frazada es corta, hay que saber sobre qui\u00e9n se pone la mayor carga. Y l\u00f3gicamente\u00a0debe ser sobre aquellos que m\u00e1s tienen\u00bb.<\/p>\n<p><strong>\u00bfCu\u00e1nto es lo que deber\u00eda pagar cada vecino para tener Lucha Antigranizo?<\/strong><br \/>\nSeg\u00fan la\u00a0ordenanza 4.804\u00a0que se aprob\u00f3 por mayor\u00eda este viernes en el Concejo Deliberante de General Alvear, los vecinos de esa comuna ahora pagar\u00e1n un 4% m\u00e1s mensualmente en la boleta de su consumo el\u00e9ctrico y lo que resulte de ese aporte ser\u00e1 destinado a la mitigaci\u00f3n de las tormentas de granizo. Esa ordenanza viene a modificar una previa, por la cual los alvearenses pagaban ese importe extra para destinarlo a la compra de luces led o para invertirlo en obras.<\/p>\n<p>Pero \u00bfcu\u00e1nto es eso en la\u00a0boleta de un vecino de Alvear? Seg\u00fan apuntan desde esa comuna ese 4% no se debe calcular sobre el consumo el\u00e9ctrico total, \u00abporque es un porcentaje del servicio el\u00e9ctrico m\u00e1s el costo del transporte, pero sin los impuestos. Por eso del total del consumo termina significando cerca del 2,8%.\u00a0Para un consumo promedio de $45.000 de electricidad significan $1.260,\u00a0lo que sale un alfajor\u00bb, minimizan.<\/p>\n<p>Adem\u00e1s, aseguran que esa suma extra que deber\u00e1n pagar los alvearenses desde que se promulgue la ordenanza, algo que est\u00e1 previsto para la pr\u00f3xima semana, \u00abno se va a sentir porque en los pr\u00f3ximos meses el consumo el\u00e9ctrico baja, porque empezamos a tener m\u00e1s horas de luz solar\u00bb, apuntan.<\/p>\n<p>En San Rafael, los montos parecen ser otros. En las estimaciones basadas en el consumo el\u00e9ctrico que hicieron en la intendencia,\u00a0cada vecino deber\u00eda pagar en promedio unos $2.500 mensuales\u00a0m\u00e1s para sostener la Lucha Antigranizo.<\/p>\n<p>\u00abLa situaci\u00f3n est\u00e1 muy dif\u00edcil y ac\u00e1 hay gente que ha recibido boletas de luz de m\u00e1s de $100.000, por eso nos parece que no podemos desde la comuna decirle que va a tener que pagar un extra para la Lucha Antigranizo. Si lo imponemos nos van a llver amparos judiciales para frenar la ordenanza\u00bb, se escudan en la intendencia.<\/p>\n<p>Lo cierto es que el uso del espacio a\u00e9reo del departamento es potestad de cada comuna, y por tanto eso si eso se modifica o no bastar\u00eda con una ordenanza, pero claro eso es una decisi\u00f3n pol\u00edtica que F\u00e9lix no est\u00e1 dispuesto a tomar sin saber qu\u00e9 opinan sus vecinos.<\/p>\n<h6>Fuente:Uno<\/h6>\n","protected":false},"excerpt":{"rendered":"<p>Los resultados de la audiencia p\u00fablica y vinculante registr\u00f3 160 votos afirmativos y 7 negativos. Se inscribieron 283 entidades<\/p>\n","protected":false},"author":2,"featured_media":149833,"comment_status":"closed","ping_status":"closed","sticky":false,"template":"","format":"standard","meta":{"footnotes":""},"categories":[2],"tags":[31],"class_list":["post-149832","post","type-post","status-publish","format-standard","has-post-thumbnail","hentry","category-informe-municipal","tag-mendoza"],"_links":{"self":[{"href":"http:\/\/argentinamunicipal.com.ar\/argentina\/wp-json\/wp\/v2\/posts\/149832","targetHints":{"allow":["GET"]}}],"collection":[{"href":"http:\/\/argentinamunicipal.com.ar\/argentina\/wp-json\/wp\/v2\/posts"}],"about":[{"href":"http:\/\/argentinamunicipal.com.ar\/argentina\/wp-json\/wp\/v2\/types\/post"}],"author":[{"embeddable":true,"href":"http:\/\/argentinamunicipal.com.ar\/argentina\/wp-json\/wp\/v2\/users\/2"}],"replies":[{"embeddable":true,"href":"http:\/\/argentinamunicipal.com.ar\/argentina\/wp-json\/wp\/v2\/comments?post=149832"}],"version-history":[{"count":0,"href":"http:\/\/argentinamunicipal.com.ar\/argentina\/wp-json\/wp\/v2\/posts\/149832\/revisions"}],"wp:featuredmedia":[{"embeddable":true,"href":"http:\/\/argentinamunicipal.com.ar\/argentina\/wp-json\/wp\/v2\/media\/149833"}],"wp:attachment":[{"href":"http:\/\/argentinamunicipal.com.ar\/argentina\/wp-json\/wp\/v2\/media?parent=149832"}],"wp:term":[{"taxonomy":"category","embeddable":true,"href":"http:\/\/argentinamunicipal.com.ar\/argentina\/wp-json\/wp\/v2\/categories?post=149832"},{"taxonomy":"post_tag","embeddable":true,"href":"http:\/\/argentinamunicipal.com.ar\/argentina\/wp-json\/wp\/v2\/tags?post=149832"}],"curies":[{"name":"wp","href":"https:\/\/api.w.org\/{rel}","templated":true}]}}