{"id":149933,"date":"2024-09-11T05:53:57","date_gmt":"2024-09-11T08:53:57","guid":{"rendered":"http:\/\/argentinamunicipal.com.ar\/argentina\/?p=149933"},"modified":"2024-09-10T18:57:12","modified_gmt":"2024-09-10T21:57:12","slug":"la-titular-de-caritas-mendoza-conto-que-actualmente-las-donaciones-de-alimentos-son-nulas","status":"publish","type":"post","link":"http:\/\/argentinamunicipal.com.ar\/argentina\/la-titular-de-caritas-mendoza-conto-que-actualmente-las-donaciones-de-alimentos-son-nulas\/","title":{"rendered":"La titular de C\u00e1ritas Mendoza cont\u00f3 que actualmente las donaciones de alimentos \u00abson nulas\u00bb"},"content":{"rendered":"<p>Rosa Mar\u00eda R\u00f3moli, directora de C\u00e1ritas Mendoza, asegur\u00f3 que desde hace meses el n\u00famero de las donaciones de alimentos es cero mientras crece la pobreza<\/p>\n<p>En coincidencia con los n\u00fameros de la\u00a0pobreza\u00a0en alza de acuerdo con un informe de la Universidad Cat\u00f3lica Argentina (UCA) en Mendoza se ha notado una fuerte dosminuci\u00f3n de donaciones de alimentos. De ello dio cuenta este jueves Rosa Mar\u00eda R\u00f3moli, de\u00a0C\u00e1ritas Mendoza.<\/p>\n<p>Lo mismo cont\u00f3 a Radio Nihuil Graciela Baccarelli, presidenta de la Federaci\u00f3n de Entidades no Gubernamentales de Ni\u00f1ez y Adolescencia de Mendoza (FEDEM).<\/p>\n<p>Ambas dirigentes coincidieron en se\u00f1alar que esta situaci\u00f3n se debe a que quienes siempre han estado dispuestos a donar se han visto afectados por el fuerte ajuste econ\u00f3mico aplicado por la administraci\u00f3n de Javier Milei y no tienen posibilidades de colaborar con los m\u00e1s necesitados.<\/p>\n<p><strong>Nadie lleva donaciones de alimentos a C\u00e1ritas<\/strong><br \/>\nEn una nota en Radio Nihuil con Mat\u00edas Pascualetti, Mar\u00eda R\u00f3moli lament\u00f3 que \u00abla pobreza sigue en alza. Venimos viendo desde hace bastante tiempo un aumento de los pedidos que llegan de las parroquias. A algunos pueden sorprenderlos los \u00edndices altos de pobreza pero nosotros ya los est\u00e1bamos observando\u00bb.<\/p>\n<p>La dirigente asegur\u00f3 que\u00a0\u00abes cero la donaci\u00f3n de alimentos desde hace meses. Donan ropa y otros elementos como art\u00edculos del hogar, pero la donaci\u00f3n de alimentos es nula\u00bb.<\/p>\n<p>Tambi\u00e9n dijo R\u00f3moli que \u00abha crecido el n\u00famero de personas en situaci\u00f3n de calle y notamos que ya non s\u00f3lo hombres. Hay mujeres, adultos mayores y muy a nuestro pesar, ni\u00f1os\u00bb.<\/p>\n<p>Otra referencia que es notoria, indic\u00f3, \u00abes que hay m\u00e1s abuelos que piden comida. Y se agrava porque sus hijos no pueden ayudarlos. Y ni hablar de los que han sufrido aumento en los alquileres: pagan el alquiler y comen menos\u00bb.<\/p>\n<p><strong>M\u00e1s pobres entre la clase media<\/strong><br \/>\nTambi\u00e9n se referi\u00f3 a la baja de\u00a0donaciones\u00a0de alimentos a\u00a0merenderos y comedores populares\u00a0en Mendoza\u00a0se ha reducido notoriamente Graciela Baccarelli, presidenta de la Federaci\u00f3n de Entidades no Gubernamentales de Ni\u00f1ez y Adolescencia de Mendoza (FEDEM).<\/p>\n<p>La dirigente social adjudic\u00f3 esta situaci\u00f3n al aumento del n\u00famero de pobres dentro de la clase media. \u00abPor eso es que los que antes m\u00e1s donaban, que eran de la clase medida, ahora no tienen para donar. La gente no tiene nada\u00bb.<\/p>\n<p>Baccarelli se refiri\u00f3 adem\u00e1s que a los sectores que habitualmente atend\u00edan las organizaciones sociales, que eran los de ni\u00f1ez y adolescencia, se han sumado en estos \u00faltimos meses los jubilados.<\/p>\n<p><strong>Las explicaciones a la reducci\u00f3n de las donaciones<\/strong><br \/>\nGraciela Baccarelli explic\u00f3 en el programa D\u00edas Distintos, de Radio Nihuil, que la entidad que preside \u00abnuclea a organizaciones sociales, como la que yo mismo integra, que es V\u00ednculos Estrat\u00e9gicos. El objetivo es precisamente trazar v\u00ednculos con el Estado, con privados y con particulares para obtener recursos. Sin esa vinculaci\u00f3n estar\u00edamos mucho peor\u00bb.<\/p>\n<p>La mujer, entrevistada por Juli\u00e1n Imazio Marcelo Sisso, descart\u00f3 que las donaciones hayan disminuido porque no exista compromiso de la gente por asistir a los m\u00e1s necesitados:\u00a0\u00abNo, la solidaridad nunca baja, lo que baja son los recursos\u00bb.<\/p>\n<p>\u00abLa problem\u00e1tica social es tan grande que la persona que podr\u00eda llegar a donar algo tiene que atender antes al hermano o hermana, al hijo, a la madre jubilada a la que no le alcanza lo que cobra&#8230;\u00bb, dijo Graciela.<\/p>\n<p>Adem\u00e1s defini\u00f3 que \u00abla pobreza ya no est\u00e1 s\u00f3lo en loa asentamientos o las zonas vulnerables. La pobreza est\u00e1 en la clase media\u00bb.<\/p>\n<p><strong>La concurrencia a comedores populares aument\u00f3 el doble<\/strong><br \/>\nRespecto a cu\u00e1nto es lo que ha bajado el volumen de donaciones, aclar\u00f3 que \u00abno nos manejamos por encuestas o informes. Nosotros somos un term\u00f3metro social, barrial y territorial. Nos guiamos por la realidad, no por los n\u00fameros que se publccan.\u00a0Y esa realidad es cada vez m\u00e1s dura con much\u00edsimas m\u00e1s familias que concurren a las ollas populares y a los comedores\u00bb.<\/p>\n<p>Pese a esta \u00faltima reflexi\u00f3n se anim\u00f3 a decir que \u00abla concurrencia en busca de comida ha aumentado al doble. Tenemos listas de espera cada vez m\u00e1s grandes. Y tenemos cerca un centro de jubilados que nos conmueve. Hay que tener muchos a\u00f1os de trayectoria en el territorio para que no se te salten las l\u00e1grimas al ver a los adultos mayores tan necesitados\u00bb.<\/p>\n<p>Baccarelli tambi\u00e9n se refiri\u00f3 a los problemas de salud asociaciados con las carencias en la alimentaci\u00f3n: \u00abSe observa mucha obesidad, desnutrici\u00f3n cr\u00f3nica y diabetes. Se consume mucho hidrato de carbono y pocas prote\u00ednas y frutas. Entonces ahora, a diferencia de 2001 cuando ve\u00edamos a ni\u00f1os con la panza inflada, observamos que est\u00e1n gorditos pero por la malnutrici\u00f3n\u00bb.<\/p>\n<h6>Fuente: Uno<\/h6>\n","protected":false},"excerpt":{"rendered":"<p>Rosa Mar\u00eda R\u00f3moli, directora de C\u00e1ritas Mendoza, asegur\u00f3 que desde hace meses el n\u00famero de las donaciones de alimentos es cero mientras crece la pobreza<\/p>\n","protected":false},"author":2,"featured_media":149934,"comment_status":"closed","ping_status":"closed","sticky":false,"template":"","format":"standard","meta":{"footnotes":""},"categories":[2],"tags":[31],"class_list":["post-149933","post","type-post","status-publish","format-standard","has-post-thumbnail","hentry","category-informe-municipal","tag-mendoza"],"_links":{"self":[{"href":"http:\/\/argentinamunicipal.com.ar\/argentina\/wp-json\/wp\/v2\/posts\/149933","targetHints":{"allow":["GET"]}}],"collection":[{"href":"http:\/\/argentinamunicipal.com.ar\/argentina\/wp-json\/wp\/v2\/posts"}],"about":[{"href":"http:\/\/argentinamunicipal.com.ar\/argentina\/wp-json\/wp\/v2\/types\/post"}],"author":[{"embeddable":true,"href":"http:\/\/argentinamunicipal.com.ar\/argentina\/wp-json\/wp\/v2\/users\/2"}],"replies":[{"embeddable":true,"href":"http:\/\/argentinamunicipal.com.ar\/argentina\/wp-json\/wp\/v2\/comments?post=149933"}],"version-history":[{"count":0,"href":"http:\/\/argentinamunicipal.com.ar\/argentina\/wp-json\/wp\/v2\/posts\/149933\/revisions"}],"wp:featuredmedia":[{"embeddable":true,"href":"http:\/\/argentinamunicipal.com.ar\/argentina\/wp-json\/wp\/v2\/media\/149934"}],"wp:attachment":[{"href":"http:\/\/argentinamunicipal.com.ar\/argentina\/wp-json\/wp\/v2\/media?parent=149933"}],"wp:term":[{"taxonomy":"category","embeddable":true,"href":"http:\/\/argentinamunicipal.com.ar\/argentina\/wp-json\/wp\/v2\/categories?post=149933"},{"taxonomy":"post_tag","embeddable":true,"href":"http:\/\/argentinamunicipal.com.ar\/argentina\/wp-json\/wp\/v2\/tags?post=149933"}],"curies":[{"name":"wp","href":"https:\/\/api.w.org\/{rel}","templated":true}]}}