{"id":150042,"date":"2024-09-16T05:20:17","date_gmt":"2024-09-16T08:20:17","guid":{"rendered":"http:\/\/argentinamunicipal.com.ar\/argentina\/?p=150042"},"modified":"2024-09-12T18:35:06","modified_gmt":"2024-09-12T21:35:06","slug":"mendoza-creo-un-area-de-inteligencia-artificial-para-la-transformacion-digital-en-ciudad","status":"publish","type":"post","link":"http:\/\/argentinamunicipal.com.ar\/argentina\/mendoza-creo-un-area-de-inteligencia-artificial-para-la-transformacion-digital-en-ciudad\/","title":{"rendered":"Mendoza cre\u00f3 un \u00e1rea de Inteligencia Artificial para la transformaci\u00f3n digital en Ciudad"},"content":{"rendered":"<p>Su funci\u00f3n ser\u00e1 planificar, reflexionar y coordinar tificial el uso de Inteligencia Artificial en el municipio. Fue oficializado a trav\u00e9s del decreto 832<\/p>\n<p>El intendente de Ciudad, Ulpiano Suarez, cre\u00f3 este mi\u00e9rcoles el Comit\u00e9 Local de Inteligencia Artificial (IA), a trav\u00e9s del decreto 832. Este \u00f3rgano tendr\u00e1 como funci\u00f3n planificar, reflexionar y coordinar la implementaci\u00f3n de soluciones basadas en IA que permitan resolver problem\u00e1ticas complejas en diversas \u00e1reas, como la movilidad, el transporte, la seguridad y la gesti\u00f3n sostenible del ambiente, entre otras.<\/p>\n<p>La Direcci\u00f3n de\u00a0Transformaci\u00f3n Digital, Smart Cities y Gobierno Abierto, entidad promotora del proyecto, destac\u00f3 que la IA se convirti\u00f3 en una herramienta estrat\u00e9gica para mejorar la eficiencia y la eficacia de los procesos tanto a nivel municipal como en organizaciones de todo el mundo.<\/p>\n<p>El comit\u00e9 buscar\u00e1 articular acciones entre las \u00e1reas t\u00e9cnicas del municipio, instituciones p\u00fablicas y privadas, y la comunidad cient\u00edfica, con el fin de definir propuestas concretas que optimicen los servicios municipales y fomenten el desarrollo econ\u00f3mico local.<\/p>\n<p>\u00abLa implementaci\u00f3n adecuada de esta tecnolog\u00eda no s\u00f3lo mejora la gesti\u00f3n interna, sino que permite cumplir m\u00e1s objetivos en menos tiempo y generar experiencias personalizadas para la ciudadan\u00eda. Adem\u00e1s, facilita la predicci\u00f3n de resultados, impulsando una mayor productividad. As\u00ed, al adoptar IA, se asegura una ventaja competitiva que optimiza la administraci\u00f3n municipal y crea un entorno favorable para atraer inversiones y apoyar empresas tecnol\u00f3gicas emergentes\u00bb, comentaron desde la comuna.<\/p>\n<p><strong>La \u00e9tica en el uso de la Inteligencia Artificial<\/strong><br \/>\nEl comit\u00e9 tambi\u00e9n abordar\u00e1 la\u00a0importancia de la \u00e9tica\u00a0en el uso de la IA, tomando como referencia los principios rectores establecidos por la\u00a0Unesco\u00a0en su recomendaci\u00f3n sobre la \u00e9tica de la\u00a0inteligencia artificial\u00a0de 2021.<\/p>\n<p>En este sentido, garantizar\u00e1 que el uso de esta tecnolog\u00eda respete la privacidad, promueva la equidad y la transparencia, y se desarrolle de forma inclusiva y no discriminatoria.<\/p>\n<p>En l\u00ednea con esto, se promover\u00e1 la formaci\u00f3n y concientizaci\u00f3n de agentes municipales, organizaciones y empresas sobre la implementaci\u00f3n de IA, asegurando que todos los actores involucrados cuenten con las herramientas necesarias para un uso responsable.<\/p>\n<p>Adem\u00e1s, actuar\u00e1 como nexo entre los diferentes sectores de la sociedad, facilitando la colaboraci\u00f3n en proyectos que tengan como eje el desarrollo y la aplicaci\u00f3n de la inteligencia artificial en \u00e1reas clave para el crecimiento de la Ciudad.<\/p>\n<p>La convocatoria para formar parte del comit\u00e9 incluir\u00e1 a diversas instituciones, como universidades p\u00fablicas y privadas, organizaciones de la sociedad civil, organismos estatales, y representantes de municipios del \u00e1rea metropolitana, as\u00ed como expertos en el campo de la IA.<\/p>\n<p>La Direcci\u00f3n de Transformaci\u00f3n Digital, Smart Cities y Gobierno Abierto ser\u00e1 la encargada de coordinar las actividades de este grupo de actores, que se reunir\u00e1 de manera trimestral para presentar y discutir propuestas.<\/p>\n<p>En la primera reuni\u00f3n de cada a\u00f1o, se har\u00e1 p\u00fablico el plan de trabajo anual, con el objetivo de asegurar la transparencia y la participaci\u00f3n activa de todos los actores involucrados.<\/p>\n<h6>Fuente: Uno<\/h6>\n","protected":false},"excerpt":{"rendered":"<p>Su funci\u00f3n ser\u00e1 planificar, reflexionar y coordinar tificial el uso de Inteligencia Artificial en el municipio. Fue oficializado a trav\u00e9s del decreto 832<\/p>\n","protected":false},"author":2,"featured_media":150043,"comment_status":"closed","ping_status":"closed","sticky":false,"template":"","format":"standard","meta":{"footnotes":""},"categories":[2],"tags":[31],"class_list":["post-150042","post","type-post","status-publish","format-standard","has-post-thumbnail","hentry","category-informe-municipal","tag-mendoza"],"_links":{"self":[{"href":"http:\/\/argentinamunicipal.com.ar\/argentina\/wp-json\/wp\/v2\/posts\/150042","targetHints":{"allow":["GET"]}}],"collection":[{"href":"http:\/\/argentinamunicipal.com.ar\/argentina\/wp-json\/wp\/v2\/posts"}],"about":[{"href":"http:\/\/argentinamunicipal.com.ar\/argentina\/wp-json\/wp\/v2\/types\/post"}],"author":[{"embeddable":true,"href":"http:\/\/argentinamunicipal.com.ar\/argentina\/wp-json\/wp\/v2\/users\/2"}],"replies":[{"embeddable":true,"href":"http:\/\/argentinamunicipal.com.ar\/argentina\/wp-json\/wp\/v2\/comments?post=150042"}],"version-history":[{"count":0,"href":"http:\/\/argentinamunicipal.com.ar\/argentina\/wp-json\/wp\/v2\/posts\/150042\/revisions"}],"wp:featuredmedia":[{"embeddable":true,"href":"http:\/\/argentinamunicipal.com.ar\/argentina\/wp-json\/wp\/v2\/media\/150043"}],"wp:attachment":[{"href":"http:\/\/argentinamunicipal.com.ar\/argentina\/wp-json\/wp\/v2\/media?parent=150042"}],"wp:term":[{"taxonomy":"category","embeddable":true,"href":"http:\/\/argentinamunicipal.com.ar\/argentina\/wp-json\/wp\/v2\/categories?post=150042"},{"taxonomy":"post_tag","embeddable":true,"href":"http:\/\/argentinamunicipal.com.ar\/argentina\/wp-json\/wp\/v2\/tags?post=150042"}],"curies":[{"name":"wp","href":"https:\/\/api.w.org\/{rel}","templated":true}]}}