{"id":150081,"date":"2024-09-16T04:59:22","date_gmt":"2024-09-16T07:59:22","guid":{"rendered":"http:\/\/argentinamunicipal.com.ar\/argentina\/?p=150081"},"modified":"2024-09-13T06:01:52","modified_gmt":"2024-09-13T09:01:52","slug":"monte-hermoso-celebra-la-fiesta-nacional-de-la-primavera","status":"publish","type":"post","link":"http:\/\/argentinamunicipal.com.ar\/argentina\/monte-hermoso-celebra-la-fiesta-nacional-de-la-primavera\/","title":{"rendered":"Monte Hermoso celebra la Fiesta Nacional de la Primavera"},"content":{"rendered":"<p>Son tres jornadas que comienzan el viernes 20 y culminan el domingo 22 de este mes. La grilla de los m\u00fasicos que se presentan.<\/p>\n<p>La comuna bonaerense celebra la edici\u00f3n N\u00b030 de la Fiesta Nacional de la Primavera el viernes 20, s\u00e1bado 21 y domingo 22. Son tres jornadas con shows musicales y actividades para toda la familia.<\/p>\n<p>Durante el fin de semana se podr\u00e1 disfrutar del Patio Gastron\u00f3mico en la Plaza Parque, el Paseo de los Artesanos, DJ\u00b4s en vivo, el lanzamiento del Enduro y excursiones, entre otras actividades.<\/p>\n<p>Los m\u00fasicos que animar\u00e1n este festival ser\u00e1n F\u00f3sforo y la MH y la ganadora del Premio Gardel al Mejor \u00c1lbum de Rock Alternativo, Lucy Patan\u00e9 (Viernes 20), Rusherking (S\u00e1bado 21) y El Plan de la Mariposa (Domingo 22).<\/p>\n<h6>Fuente: infobonaerenses.com.ar<\/h6>\n","protected":false},"excerpt":{"rendered":"<p>Son tres jornadas que comienzan el viernes 20 y culminan el domingo 22 de este mes. La grilla de los m\u00fasicos que se presentan.<\/p>\n","protected":false},"author":2,"featured_media":150082,"comment_status":"closed","ping_status":"closed","sticky":false,"template":"","format":"standard","meta":{"footnotes":""},"categories":[47],"tags":[12],"class_list":["post-150081","post","type-post","status-publish","format-standard","has-post-thumbnail","hentry","category-fiestas","tag-buenos-aires"],"_links":{"self":[{"href":"http:\/\/argentinamunicipal.com.ar\/argentina\/wp-json\/wp\/v2\/posts\/150081","targetHints":{"allow":["GET"]}}],"collection":[{"href":"http:\/\/argentinamunicipal.com.ar\/argentina\/wp-json\/wp\/v2\/posts"}],"about":[{"href":"http:\/\/argentinamunicipal.com.ar\/argentina\/wp-json\/wp\/v2\/types\/post"}],"author":[{"embeddable":true,"href":"http:\/\/argentinamunicipal.com.ar\/argentina\/wp-json\/wp\/v2\/users\/2"}],"replies":[{"embeddable":true,"href":"http:\/\/argentinamunicipal.com.ar\/argentina\/wp-json\/wp\/v2\/comments?post=150081"}],"version-history":[{"count":0,"href":"http:\/\/argentinamunicipal.com.ar\/argentina\/wp-json\/wp\/v2\/posts\/150081\/revisions"}],"wp:featuredmedia":[{"embeddable":true,"href":"http:\/\/argentinamunicipal.com.ar\/argentina\/wp-json\/wp\/v2\/media\/150082"}],"wp:attachment":[{"href":"http:\/\/argentinamunicipal.com.ar\/argentina\/wp-json\/wp\/v2\/media?parent=150081"}],"wp:term":[{"taxonomy":"category","embeddable":true,"href":"http:\/\/argentinamunicipal.com.ar\/argentina\/wp-json\/wp\/v2\/categories?post=150081"},{"taxonomy":"post_tag","embeddable":true,"href":"http:\/\/argentinamunicipal.com.ar\/argentina\/wp-json\/wp\/v2\/tags?post=150081"}],"curies":[{"name":"wp","href":"https:\/\/api.w.org\/{rel}","templated":true}]}}